{"id":13328,"date":"2021-06-18T12:55:01","date_gmt":"2021-06-18T12:55:01","guid":{"rendered":"https:\/\/cit.upc.edu\/?p=13328"},"modified":"2025-06-20T08:02:28","modified_gmt":"2025-06-20T08:02:28","slug":"26a-nit-de-les-telecomunicacions-i-la-informatica","status":"publish","type":"post","link":"https:\/\/cit.upc.edu\/ca\/26a-nit-de-les-telecomunicacions-i-la-informatica\/","title":{"rendered":"La UPC i la professora N\u00faria Castell, premiades a la 26a Nit de les Telecomunicacions i la Inform\u00e0tica"},"content":{"rendered":"\n<p class=\"has-text-align-right\">18\/6\/2021<\/p>\n\n\n\n<p><strong>La UPC ha rebut, pels seus 50 anys, el Premi d&#8217;Honor Institucional a la 26a Nit de les Telecomunicacions i la Inform\u00e0tica, i N\u00faria Castell, professora de la Facultat d&#8217;Inform\u00e0tica de Barcelona (FIB), ha estat guardonada amb el Premi Salv\u00e0 i Campillo a la Personalitat Destacada.<\/strong><\/p>\n\n\n\n<figure class=\"wp-block-gallery columns-2 is-cropped wp-block-gallery-2 is-layout-flex wp-block-gallery-is-layout-flex\"><ul class=\"blocks-gallery-grid\"><li class=\"blocks-gallery-item\"><figure><img loading=\"lazy\" decoding=\"async\" width=\"776\" height=\"517\" src=\"https:\/\/cit.upc.edu\/wp-content\/uploads\/2021\/06\/LauraBorras-rectorUPC-LaNit2020-web-v2.jpg\" alt=\"\" data-id=\"13329\" data-full-url=\"https:\/\/cit.upc.edu\/wp-content\/uploads\/2021\/06\/LauraBorras-rectorUPC-LaNit2020-web-v2.jpg\" data-link=\"https:\/\/cit.upc.edu\/ca\/?attachment_id=13329\" class=\"wp-image-13329\" srcset=\"https:\/\/cit.upc.edu\/wp-content\/uploads\/2021\/06\/LauraBorras-rectorUPC-LaNit2020-web-v2.jpg 776w, https:\/\/cit.upc.edu\/wp-content\/uploads\/2021\/06\/LauraBorras-rectorUPC-LaNit2020-web-v2-300x200.jpg 300w, https:\/\/cit.upc.edu\/wp-content\/uploads\/2021\/06\/LauraBorras-rectorUPC-LaNit2020-web-v2-768x512.jpg 768w, https:\/\/cit.upc.edu\/wp-content\/uploads\/2021\/06\/LauraBorras-rectorUPC-LaNit2020-web-v2-219x146.jpg 219w, https:\/\/cit.upc.edu\/wp-content\/uploads\/2021\/06\/LauraBorras-rectorUPC-LaNit2020-web-v2-50x33.jpg 50w, https:\/\/cit.upc.edu\/wp-content\/uploads\/2021\/06\/LauraBorras-rectorUPC-LaNit2020-web-v2-113x75.jpg 113w\" sizes=\"auto, (max-width:767px) 480px, (max-width:776px) 100vw, 776px\" \/><\/figure><\/li><li class=\"blocks-gallery-item\"><figure><img loading=\"lazy\" decoding=\"async\" width=\"776\" height=\"517\" src=\"https:\/\/cit.upc.edu\/wp-content\/uploads\/2021\/06\/Nuria-Castell-premis-LaNit2020-web-2.jpg\" alt=\"\" data-id=\"13332\" data-full-url=\"https:\/\/cit.upc.edu\/wp-content\/uploads\/2021\/06\/Nuria-Castell-premis-LaNit2020-web-2.jpg\" data-link=\"https:\/\/cit.upc.edu\/ca\/?attachment_id=13332\" class=\"wp-image-13332\" srcset=\"https:\/\/cit.upc.edu\/wp-content\/uploads\/2021\/06\/Nuria-Castell-premis-LaNit2020-web-2.jpg 776w, https:\/\/cit.upc.edu\/wp-content\/uploads\/2021\/06\/Nuria-Castell-premis-LaNit2020-web-2-300x200.jpg 300w, https:\/\/cit.upc.edu\/wp-content\/uploads\/2021\/06\/Nuria-Castell-premis-LaNit2020-web-2-768x512.jpg 768w, https:\/\/cit.upc.edu\/wp-content\/uploads\/2021\/06\/Nuria-Castell-premis-LaNit2020-web-2-219x146.jpg 219w, https:\/\/cit.upc.edu\/wp-content\/uploads\/2021\/06\/Nuria-Castell-premis-LaNit2020-web-2-50x33.jpg 50w, https:\/\/cit.upc.edu\/wp-content\/uploads\/2021\/06\/Nuria-Castell-premis-LaNit2020-web-2-113x75.jpg 113w\" sizes=\"auto, (max-width:767px) 480px, (max-width:776px) 100vw, 776px\" \/><\/figure><\/li><\/ul><\/figure>\n\n\n\n<p>La&nbsp;26a Nit de les Telecomunicacions i la Inform\u00e0tica, que va tenir lloc el 16 de juny a l&#8217;Auditori de Barcelona, ha estat el marc de lliurament dels&nbsp;<strong>Premis Salv\u00e0 i Campillo, Alan Turing, Joan Clarke, el Premi d\u2019Honor i el Premi a la Comunicaci\u00f3 i Divulgaci\u00f3 de les TIC<\/strong>, atorgats conjuntament per l\u2019<a target=\"_blank\" target=\"_blank\" href=\"http:\/\/www.telecos.cat\/\" target=\"_blank\" rel=\"noreferrer noopener\">Associaci\u00f3 Catalana d\u2019Enginyers de Telecomunicaci\u00f3 (Telecos.cat)<\/a>&nbsp;i el&nbsp;<a target=\"_blank\" target=\"_blank\" href=\"https:\/\/enginyeriainformatica.cat\/\" target=\"_blank\" rel=\"noreferrer noopener\">Col\u00b7legi Oficial d\u2019Enginyeria en Inform\u00e0tica de Catalunya (COEINF)<\/a>. El&nbsp;<strong>Premi d\u2019Honor<\/strong>&nbsp;institucional de la&nbsp;<strong>Universitat Polit\u00e8cnica de Catalunya \u00b7 BarcelonaTech (UPC)<\/strong>&nbsp;el va rrecollir el rector,&nbsp;<a target=\"_blank\" target=\"_blank\" href=\"https:\/\/www.upc.edu\/ca\/la-upc\/govern-i-representacio\/rector\" target=\"_blank\" rel=\"noreferrer noopener\">Daniel Crespo<\/a>. Al llarg del seu mig segle d\u2019hist\u00f2ria, la UPC \u2014la Universitat de l\u2019arquitectura, les ci\u00e8ncies, l\u2019enginyeria i la tecnologia\u2014, ha esdevingut una de les institucions p\u00fabliques d\u2019educaci\u00f3 superior de refer\u00e8ncia a Catalunya i al m\u00f3n, i un actor important per a l&#8217;impuls tecnol\u00f2gic del teixit industrial. Aquest any celebra el&nbsp;cinquantenari,&nbsp;amb un programa d&#8217;actes i activitats.<br><br>El&nbsp;<strong>Premi Salv\u00e0 i Campillo a la Personalitat Destacada<\/strong>&nbsp;\u2014que reconeix la persona o entitat que ha contribu\u00eft de manera notable a la potenciaci\u00f3 o divulgaci\u00f3 de l&#8217;Electr\u00f2nica, les TIC o l&#8217;Audiovisual\u2014 va ser atorgat a&nbsp;<a target=\"_blank\" target=\"_blank\" href=\"https:\/\/futur.upc.edu\/NuriaCastellArino\" target=\"_blank\" rel=\"noreferrer noopener\">N\u00faria Castell<\/a>, del&nbsp;Departament de Ci\u00e8ncies de Computaci\u00f3&nbsp;de la UPC i fins ara docent a la&nbsp;<a target=\"_blank\" target=\"_blank\" href=\"https:\/\/www.fib.upc.edu\/ca\" target=\"_blank\" rel=\"noreferrer noopener\">Facultat d&#8217;Inform\u00e0tica de Barcelona (FIB)<\/a>. Castell \u00e9s una de les primeres dones titulades en Inform\u00e0tica a Catalunya i Espanya. El mar\u00e7 de 1986 la nomenen coordinadora de primer curs, sent la primera dona amb un c\u00e0rrec de gesti\u00f3 a la FIB, que dirigeix de 2010 a 2017. Castells ha dissenyat i dirigit projectes de recerca, docents i de g\u00e8nere, que han donat lloc a m\u00faltiples publicacions.<br><br>La cerim\u00f2nia va comptar amb la participaci\u00f3, entre d\u2019altres autoritats, de la presidenta del Parlament de Catalunya, Laura Borr\u00e0s; del vicepresident i conseller de Pol\u00edtiques Digitals i Territori de la Generalitat, Jordi Puigner\u00f3; del secretari d\u2019Estat de Telecomunicacions i Infraestructures Digitals, Roberto S\u00e1nchez; de la tinenta d\u2019Agenda 2030 de l\u2019Ajuntament de Barcelona, Laia Bonet, i del president delegat de l\u2019\u00c0rea d\u2019Innovaci\u00f3 de la Diputaci\u00f3 de Barcelona, Josep Arimany.<\/p>\n\n\n\n<div style=\"height:100px\" aria-hidden=\"true\" class=\"wp-block-spacer\"><\/div>\n\n\n\n<p><\/p>\n","protected":false},"excerpt":{"rendered":"<p>18\/6\/2021 La UPC ha rebut, pels seus 50 anys, el Premi d&#8217;Honor Institucional a la 26a Nit de les Telecomunicacions i la Inform\u00e0tica, i N\u00faria Castell,<span class=\"excerpt-hellip\"> [\u2026]<\/span><\/p>\n","protected":false},"author":5,"featured_media":13332,"comment_status":"open","ping_status":"open","sticky":false,"template":"","format":"standard","meta":{"footnotes":""},"categories":[1],"tags":[],"class_list":["post-13328","post","type-post","status-publish","format-standard","has-post-thumbnail","hentry","category-sin-categorizar"],"yoast_head":"<!-- This site is optimized with the Yoast SEO plugin v27.4 - https:\/\/yoast.com\/product\/yoast-seo-wordpress\/ -->\n<title>La UPC i la professora N\u00faria Castell, premiades a la 26a Nit de les Telecomunicacions i la Inform\u00e0tica - CIT UPC<\/title>\n<meta name=\"robots\" content=\"index, follow, max-snippet:-1, max-image-preview:large, max-video-preview:-1\" \/>\n<link rel=\"canonical\" href=\"https:\/\/cit.upc.edu\/ca\/26a-nit-de-les-telecomunicacions-i-la-informatica\/\" \/>\n<meta property=\"og:locale\" content=\"ca_ES\" \/>\n<meta property=\"og:type\" content=\"article\" \/>\n<meta property=\"og:title\" content=\"La UPC i la professora N\u00faria Castell, premiades a la 26a Nit de les Telecomunicacions i la Inform\u00e0tica - CIT UPC\" \/>\n<meta property=\"og:description\" content=\"18\/6\/2021 La UPC ha rebut, pels seus 50 anys, el Premi d&#8217;Honor Institucional a la 26a Nit de les Telecomunicacions i la Inform\u00e0tica, i N\u00faria Castell, [\u2026]\" \/>\n<meta property=\"og:url\" content=\"https:\/\/cit.upc.edu\/ca\/26a-nit-de-les-telecomunicacions-i-la-informatica\/\" \/>\n<meta property=\"og:site_name\" content=\"CIT UPC\" \/>\n<meta property=\"article:publisher\" content=\"https:\/\/www.facebook.com\/cit.upc\" \/>\n<meta property=\"article:published_time\" content=\"2021-06-18T12:55:01+00:00\" \/>\n<meta property=\"article:modified_time\" content=\"2025-06-20T08:02:28+00:00\" \/>\n<meta property=\"og:image\" content=\"https:\/\/cit.upc.edu\/wp-content\/uploads\/2021\/06\/Nuria-Castell-premis-LaNit2020-web-2.jpg\" \/>\n\t<meta property=\"og:image:width\" content=\"776\" \/>\n\t<meta property=\"og:image:height\" content=\"517\" \/>\n\t<meta property=\"og:image:type\" content=\"image\/jpeg\" \/>\n<meta name=\"author\" content=\"CIT UPC\" \/>\n<meta name=\"twitter:card\" content=\"summary_large_image\" \/>\n<meta name=\"twitter:creator\" content=\"@CIT_UPC\" \/>\n<meta name=\"twitter:site\" content=\"@CIT_UPC\" \/>\n<meta name=\"twitter:label1\" content=\"Escrit per\" \/>\n\t<meta name=\"twitter:data1\" content=\"CIT UPC\" \/>\n\t<meta name=\"twitter:label2\" content=\"Temps estimat de lectura\" \/>\n\t<meta name=\"twitter:data2\" content=\"3 minuts\" \/>\n<script type=\"application\/ld+json\" class=\"yoast-schema-graph\">{\"@context\":\"https:\\\/\\\/schema.org\",\"@graph\":[{\"@type\":\"Article\",\"@id\":\"https:\\\/\\\/cit.upc.edu\\\/ca\\\/26a-nit-de-les-telecomunicacions-i-la-informatica\\\/#article\",\"isPartOf\":{\"@id\":\"https:\\\/\\\/cit.upc.edu\\\/ca\\\/26a-nit-de-les-telecomunicacions-i-la-informatica\\\/\"},\"author\":{\"name\":\"CIT UPC\",\"@id\":\"https:\\\/\\\/cit.upc.edu\\\/es\\\/#\\\/schema\\\/person\\\/9699f82f1a653c8a17baa3fbdf70c6b3\"},\"headline\":\"La UPC i la professora N\u00faria Castell, premiades a la 26a Nit de les Telecomunicacions i la Inform\u00e0tica\",\"datePublished\":\"2021-06-18T12:55:01+00:00\",\"dateModified\":\"2025-06-20T08:02:28+00:00\",\"mainEntityOfPage\":{\"@id\":\"https:\\\/\\\/cit.upc.edu\\\/ca\\\/26a-nit-de-les-telecomunicacions-i-la-informatica\\\/\"},\"wordCount\":459,\"commentCount\":0,\"publisher\":{\"@id\":\"https:\\\/\\\/cit.upc.edu\\\/es\\\/#organization\"},\"image\":{\"@id\":\"https:\\\/\\\/cit.upc.edu\\\/ca\\\/26a-nit-de-les-telecomunicacions-i-la-informatica\\\/#primaryimage\"},\"thumbnailUrl\":\"https:\\\/\\\/cit.upc.edu\\\/wp-content\\\/uploads\\\/2021\\\/06\\\/Nuria-Castell-premis-LaNit2020-web-2.jpg\",\"articleSection\":[\"Sin categorizar\"],\"inLanguage\":\"ca\",\"potentialAction\":[{\"@type\":\"CommentAction\",\"name\":\"Comment\",\"target\":[\"https:\\\/\\\/cit.upc.edu\\\/ca\\\/26a-nit-de-les-telecomunicacions-i-la-informatica\\\/#respond\"]}]},{\"@type\":\"WebPage\",\"@id\":\"https:\\\/\\\/cit.upc.edu\\\/ca\\\/26a-nit-de-les-telecomunicacions-i-la-informatica\\\/\",\"url\":\"https:\\\/\\\/cit.upc.edu\\\/ca\\\/26a-nit-de-les-telecomunicacions-i-la-informatica\\\/\",\"name\":\"La UPC i la professora N\u00faria Castell, premiades a la 26a Nit de les Telecomunicacions i la Inform\u00e0tica - CIT UPC\",\"isPartOf\":{\"@id\":\"https:\\\/\\\/cit.upc.edu\\\/es\\\/#website\"},\"primaryImageOfPage\":{\"@id\":\"https:\\\/\\\/cit.upc.edu\\\/ca\\\/26a-nit-de-les-telecomunicacions-i-la-informatica\\\/#primaryimage\"},\"image\":{\"@id\":\"https:\\\/\\\/cit.upc.edu\\\/ca\\\/26a-nit-de-les-telecomunicacions-i-la-informatica\\\/#primaryimage\"},\"thumbnailUrl\":\"https:\\\/\\\/cit.upc.edu\\\/wp-content\\\/uploads\\\/2021\\\/06\\\/Nuria-Castell-premis-LaNit2020-web-2.jpg\",\"datePublished\":\"2021-06-18T12:55:01+00:00\",\"dateModified\":\"2025-06-20T08:02:28+00:00\",\"breadcrumb\":{\"@id\":\"https:\\\/\\\/cit.upc.edu\\\/ca\\\/26a-nit-de-les-telecomunicacions-i-la-informatica\\\/#breadcrumb\"},\"inLanguage\":\"ca\",\"potentialAction\":[{\"@type\":\"ReadAction\",\"target\":[\"https:\\\/\\\/cit.upc.edu\\\/ca\\\/26a-nit-de-les-telecomunicacions-i-la-informatica\\\/\"]}]},{\"@type\":\"ImageObject\",\"inLanguage\":\"ca\",\"@id\":\"https:\\\/\\\/cit.upc.edu\\\/ca\\\/26a-nit-de-les-telecomunicacions-i-la-informatica\\\/#primaryimage\",\"url\":\"https:\\\/\\\/cit.upc.edu\\\/wp-content\\\/uploads\\\/2021\\\/06\\\/Nuria-Castell-premis-LaNit2020-web-2.jpg\",\"contentUrl\":\"https:\\\/\\\/cit.upc.edu\\\/wp-content\\\/uploads\\\/2021\\\/06\\\/Nuria-Castell-premis-LaNit2020-web-2.jpg\",\"width\":776,\"height\":517},{\"@type\":\"BreadcrumbList\",\"@id\":\"https:\\\/\\\/cit.upc.edu\\\/ca\\\/26a-nit-de-les-telecomunicacions-i-la-informatica\\\/#breadcrumb\",\"itemListElement\":[{\"@type\":\"ListItem\",\"position\":1,\"name\":\"Portada\",\"item\":\"https:\\\/\\\/cit.upc.edu\\\/es\\\/\"},{\"@type\":\"ListItem\",\"position\":2,\"name\":\"La UPC i la professora N\u00faria Castell, premiades a la 26a Nit de les Telecomunicacions i la Inform\u00e0tica\"}]},{\"@type\":\"WebSite\",\"@id\":\"https:\\\/\\\/cit.upc.edu\\\/es\\\/#website\",\"url\":\"https:\\\/\\\/cit.upc.edu\\\/es\\\/\",\"name\":\"CIT UPC\",\"description\":\"UPC Technology Center\",\"publisher\":{\"@id\":\"https:\\\/\\\/cit.upc.edu\\\/es\\\/#organization\"},\"potentialAction\":[{\"@type\":\"SearchAction\",\"target\":{\"@type\":\"EntryPoint\",\"urlTemplate\":\"https:\\\/\\\/cit.upc.edu\\\/es\\\/?s={search_term_string}\"},\"query-input\":{\"@type\":\"PropertyValueSpecification\",\"valueRequired\":true,\"valueName\":\"search_term_string\"}}],\"inLanguage\":\"ca\"},{\"@type\":\"Organization\",\"@id\":\"https:\\\/\\\/cit.upc.edu\\\/es\\\/#organization\",\"name\":\"CIT UPC - UPC Technology Center\",\"url\":\"https:\\\/\\\/cit.upc.edu\\\/es\\\/\",\"logo\":{\"@type\":\"ImageObject\",\"inLanguage\":\"ca\",\"@id\":\"https:\\\/\\\/cit.upc.edu\\\/es\\\/#\\\/schema\\\/logo\\\/image\\\/\",\"url\":\"https:\\\/\\\/cit.upc.edu\\\/wp-content\\\/uploads\\\/2020\\\/04\\\/cropped-logo_positiu_horitzontal_2020_espanol.png\",\"contentUrl\":\"https:\\\/\\\/cit.upc.edu\\\/wp-content\\\/uploads\\\/2020\\\/04\\\/cropped-logo_positiu_horitzontal_2020_espanol.png\",\"width\":512,\"height\":512,\"caption\":\"CIT UPC - UPC Technology Center\"},\"image\":{\"@id\":\"https:\\\/\\\/cit.upc.edu\\\/es\\\/#\\\/schema\\\/logo\\\/image\\\/\"},\"sameAs\":[\"https:\\\/\\\/www.facebook.com\\\/cit.upc\",\"https:\\\/\\\/x.com\\\/CIT_UPC\",\"https:\\\/\\\/www.youtube.com\\\/user\\\/CITUPC\",\"https:\\\/\\\/www.flickr.com\\\/photos\\\/181927091@N08\",\"https:\\\/\\\/www.linkedin.com\\\/company\\\/cit-upc\\\/\",\"https:\\\/\\\/www.instagram.com\\\/cit_upc\\\/\"]},{\"@type\":\"Person\",\"@id\":\"https:\\\/\\\/cit.upc.edu\\\/es\\\/#\\\/schema\\\/person\\\/9699f82f1a653c8a17baa3fbdf70c6b3\",\"name\":\"CIT UPC\",\"image\":{\"@type\":\"ImageObject\",\"inLanguage\":\"ca\",\"@id\":\"https:\\\/\\\/secure.gravatar.com\\\/avatar\\\/773f33de263f3e24e13d0ac15062b5603e70036ec7f634846fb6363f44574610?s=96&d=mm&r=g\",\"url\":\"https:\\\/\\\/secure.gravatar.com\\\/avatar\\\/773f33de263f3e24e13d0ac15062b5603e70036ec7f634846fb6363f44574610?s=96&d=mm&r=g\",\"contentUrl\":\"https:\\\/\\\/secure.gravatar.com\\\/avatar\\\/773f33de263f3e24e13d0ac15062b5603e70036ec7f634846fb6363f44574610?s=96&d=mm&r=g\",\"caption\":\"CIT UPC\"},\"url\":\"https:\\\/\\\/cit.upc.edu\\\/ca\\\/author\\\/cit-upc\\\/\"}]}<\/script>\n<!-- \/ Yoast SEO plugin. -->","yoast_head_json":{"title":"La UPC i la professora N\u00faria Castell, premiades a la 26a Nit de les Telecomunicacions i la Inform\u00e0tica - CIT UPC","robots":{"index":"index","follow":"follow","max-snippet":"max-snippet:-1","max-image-preview":"max-image-preview:large","max-video-preview":"max-video-preview:-1"},"canonical":"https:\/\/cit.upc.edu\/ca\/26a-nit-de-les-telecomunicacions-i-la-informatica\/","og_locale":"ca_ES","og_type":"article","og_title":"La UPC i la professora N\u00faria Castell, premiades a la 26a Nit de les Telecomunicacions i la Inform\u00e0tica - CIT UPC","og_description":"18\/6\/2021 La UPC ha rebut, pels seus 50 anys, el Premi d&#8217;Honor Institucional a la 26a Nit de les Telecomunicacions i la Inform\u00e0tica, i N\u00faria Castell, [\u2026]","og_url":"https:\/\/cit.upc.edu\/ca\/26a-nit-de-les-telecomunicacions-i-la-informatica\/","og_site_name":"CIT UPC","article_publisher":"https:\/\/www.facebook.com\/cit.upc","article_published_time":"2021-06-18T12:55:01+00:00","article_modified_time":"2025-06-20T08:02:28+00:00","og_image":[{"width":776,"height":517,"url":"https:\/\/cit.upc.edu\/wp-content\/uploads\/2021\/06\/Nuria-Castell-premis-LaNit2020-web-2.jpg","type":"image\/jpeg"}],"author":"CIT UPC","twitter_card":"summary_large_image","twitter_creator":"@CIT_UPC","twitter_site":"@CIT_UPC","twitter_misc":{"Escrit per":"CIT UPC","Temps estimat de lectura":"3 minuts"},"schema":{"@context":"https:\/\/schema.org","@graph":[{"@type":"Article","@id":"https:\/\/cit.upc.edu\/ca\/26a-nit-de-les-telecomunicacions-i-la-informatica\/#article","isPartOf":{"@id":"https:\/\/cit.upc.edu\/ca\/26a-nit-de-les-telecomunicacions-i-la-informatica\/"},"author":{"name":"CIT UPC","@id":"https:\/\/cit.upc.edu\/es\/#\/schema\/person\/9699f82f1a653c8a17baa3fbdf70c6b3"},"headline":"La UPC i la professora N\u00faria Castell, premiades a la 26a Nit de les Telecomunicacions i la Inform\u00e0tica","datePublished":"2021-06-18T12:55:01+00:00","dateModified":"2025-06-20T08:02:28+00:00","mainEntityOfPage":{"@id":"https:\/\/cit.upc.edu\/ca\/26a-nit-de-les-telecomunicacions-i-la-informatica\/"},"wordCount":459,"commentCount":0,"publisher":{"@id":"https:\/\/cit.upc.edu\/es\/#organization"},"image":{"@id":"https:\/\/cit.upc.edu\/ca\/26a-nit-de-les-telecomunicacions-i-la-informatica\/#primaryimage"},"thumbnailUrl":"https:\/\/cit.upc.edu\/wp-content\/uploads\/2021\/06\/Nuria-Castell-premis-LaNit2020-web-2.jpg","articleSection":["Sin categorizar"],"inLanguage":"ca","potentialAction":[{"@type":"CommentAction","name":"Comment","target":["https:\/\/cit.upc.edu\/ca\/26a-nit-de-les-telecomunicacions-i-la-informatica\/#respond"]}]},{"@type":"WebPage","@id":"https:\/\/cit.upc.edu\/ca\/26a-nit-de-les-telecomunicacions-i-la-informatica\/","url":"https:\/\/cit.upc.edu\/ca\/26a-nit-de-les-telecomunicacions-i-la-informatica\/","name":"La UPC i la professora N\u00faria Castell, premiades a la 26a Nit de les Telecomunicacions i la Inform\u00e0tica - CIT UPC","isPartOf":{"@id":"https:\/\/cit.upc.edu\/es\/#website"},"primaryImageOfPage":{"@id":"https:\/\/cit.upc.edu\/ca\/26a-nit-de-les-telecomunicacions-i-la-informatica\/#primaryimage"},"image":{"@id":"https:\/\/cit.upc.edu\/ca\/26a-nit-de-les-telecomunicacions-i-la-informatica\/#primaryimage"},"thumbnailUrl":"https:\/\/cit.upc.edu\/wp-content\/uploads\/2021\/06\/Nuria-Castell-premis-LaNit2020-web-2.jpg","datePublished":"2021-06-18T12:55:01+00:00","dateModified":"2025-06-20T08:02:28+00:00","breadcrumb":{"@id":"https:\/\/cit.upc.edu\/ca\/26a-nit-de-les-telecomunicacions-i-la-informatica\/#breadcrumb"},"inLanguage":"ca","potentialAction":[{"@type":"ReadAction","target":["https:\/\/cit.upc.edu\/ca\/26a-nit-de-les-telecomunicacions-i-la-informatica\/"]}]},{"@type":"ImageObject","inLanguage":"ca","@id":"https:\/\/cit.upc.edu\/ca\/26a-nit-de-les-telecomunicacions-i-la-informatica\/#primaryimage","url":"https:\/\/cit.upc.edu\/wp-content\/uploads\/2021\/06\/Nuria-Castell-premis-LaNit2020-web-2.jpg","contentUrl":"https:\/\/cit.upc.edu\/wp-content\/uploads\/2021\/06\/Nuria-Castell-premis-LaNit2020-web-2.jpg","width":776,"height":517},{"@type":"BreadcrumbList","@id":"https:\/\/cit.upc.edu\/ca\/26a-nit-de-les-telecomunicacions-i-la-informatica\/#breadcrumb","itemListElement":[{"@type":"ListItem","position":1,"name":"Portada","item":"https:\/\/cit.upc.edu\/es\/"},{"@type":"ListItem","position":2,"name":"La UPC i la professora N\u00faria Castell, premiades a la 26a Nit de les Telecomunicacions i la Inform\u00e0tica"}]},{"@type":"WebSite","@id":"https:\/\/cit.upc.edu\/es\/#website","url":"https:\/\/cit.upc.edu\/es\/","name":"CIT UPC","description":"UPC Technology Center","publisher":{"@id":"https:\/\/cit.upc.edu\/es\/#organization"},"potentialAction":[{"@type":"SearchAction","target":{"@type":"EntryPoint","urlTemplate":"https:\/\/cit.upc.edu\/es\/?s={search_term_string}"},"query-input":{"@type":"PropertyValueSpecification","valueRequired":true,"valueName":"search_term_string"}}],"inLanguage":"ca"},{"@type":"Organization","@id":"https:\/\/cit.upc.edu\/es\/#organization","name":"CIT UPC - UPC Technology Center","url":"https:\/\/cit.upc.edu\/es\/","logo":{"@type":"ImageObject","inLanguage":"ca","@id":"https:\/\/cit.upc.edu\/es\/#\/schema\/logo\/image\/","url":"https:\/\/cit.upc.edu\/wp-content\/uploads\/2020\/04\/cropped-logo_positiu_horitzontal_2020_espanol.png","contentUrl":"https:\/\/cit.upc.edu\/wp-content\/uploads\/2020\/04\/cropped-logo_positiu_horitzontal_2020_espanol.png","width":512,"height":512,"caption":"CIT UPC - UPC Technology Center"},"image":{"@id":"https:\/\/cit.upc.edu\/es\/#\/schema\/logo\/image\/"},"sameAs":["https:\/\/www.facebook.com\/cit.upc","https:\/\/x.com\/CIT_UPC","https:\/\/www.youtube.com\/user\/CITUPC","https:\/\/www.flickr.com\/photos\/181927091@N08","https:\/\/www.linkedin.com\/company\/cit-upc\/","https:\/\/www.instagram.com\/cit_upc\/"]},{"@type":"Person","@id":"https:\/\/cit.upc.edu\/es\/#\/schema\/person\/9699f82f1a653c8a17baa3fbdf70c6b3","name":"CIT UPC","image":{"@type":"ImageObject","inLanguage":"ca","@id":"https:\/\/secure.gravatar.com\/avatar\/773f33de263f3e24e13d0ac15062b5603e70036ec7f634846fb6363f44574610?s=96&d=mm&r=g","url":"https:\/\/secure.gravatar.com\/avatar\/773f33de263f3e24e13d0ac15062b5603e70036ec7f634846fb6363f44574610?s=96&d=mm&r=g","contentUrl":"https:\/\/secure.gravatar.com\/avatar\/773f33de263f3e24e13d0ac15062b5603e70036ec7f634846fb6363f44574610?s=96&d=mm&r=g","caption":"CIT UPC"},"url":"https:\/\/cit.upc.edu\/ca\/author\/cit-upc\/"}]}},"_links":{"self":[{"href":"https:\/\/cit.upc.edu\/ca\/wp-json\/wp\/v2\/posts\/13328","targetHints":{"allow":["GET"]}}],"collection":[{"href":"https:\/\/cit.upc.edu\/ca\/wp-json\/wp\/v2\/posts"}],"about":[{"href":"https:\/\/cit.upc.edu\/ca\/wp-json\/wp\/v2\/types\/post"}],"author":[{"embeddable":true,"href":"https:\/\/cit.upc.edu\/ca\/wp-json\/wp\/v2\/users\/5"}],"replies":[{"embeddable":true,"href":"https:\/\/cit.upc.edu\/ca\/wp-json\/wp\/v2\/comments?post=13328"}],"version-history":[{"count":6,"href":"https:\/\/cit.upc.edu\/ca\/wp-json\/wp\/v2\/posts\/13328\/revisions"}],"predecessor-version":[{"id":28409,"href":"https:\/\/cit.upc.edu\/ca\/wp-json\/wp\/v2\/posts\/13328\/revisions\/28409"}],"wp:featuredmedia":[{"embeddable":true,"href":"https:\/\/cit.upc.edu\/ca\/wp-json\/wp\/v2\/media\/13332"}],"wp:attachment":[{"href":"https:\/\/cit.upc.edu\/ca\/wp-json\/wp\/v2\/media?parent=13328"}],"wp:term":[{"taxonomy":"category","embeddable":true,"href":"https:\/\/cit.upc.edu\/ca\/wp-json\/wp\/v2\/categories?post=13328"},{"taxonomy":"post_tag","embeddable":true,"href":"https:\/\/cit.upc.edu\/ca\/wp-json\/wp\/v2\/tags?post=13328"}],"curies":[{"name":"wp","href":"https:\/\/api.w.org\/{rel}","templated":true}]}}