{"id":13894,"date":"2021-09-14T11:37:09","date_gmt":"2021-09-14T11:37:09","guid":{"rendered":"https:\/\/cit.upc.edu\/?p=13894"},"modified":"2021-09-21T14:10:00","modified_gmt":"2021-09-21T14:10:00","slug":"imc21","status":"publish","type":"post","link":"https:\/\/cit.upc.edu\/ca\/imc21\/","title":{"rendered":"ARIADNA a l\u2019International Mobility Congress 2021"},"content":{"rendered":"\n<p class=\"has-text-align-right\">14\/9\/2021<\/p>\n\n\n\n<p>El Centre d\u2019Innovaci\u00f3 i Tecnologia de la UPC, CIT UPC, coordinar\u00e0 la pon\u00e8ncia <strong>Galileo per estimular el transport p\u00fablic: Una mostra d\u2019experi\u00e8ncies d\u2019\u00e8xit a nivell internacional<\/strong>, que es tindr\u00e0 lloc el proper 22 de setembre en el marc del International Mobility Congress 2021 (IMC21). La presentaci\u00f3 anir\u00e0 a c\u00e0rrec de Josep Laborda, CEO &amp; Managing Partner de FACTUAL Consulting i en el marc del F\u00f2rum, espai en el qu\u00e8 els partners del Congr\u00e9s compartiran continguts&nbsp; rellevants i innovadors en el camp de la mobilitat a trav\u00e9s d\u2019un format proper i din\u00e0mic. En aquest context, Laborda explicar\u00e0 les iniciatives del projecte ARIADNA per promoure l\u2019\u00fas de Galileo o el Sistema Europeu de Navegaci\u00f3 Global per Sat\u00e8l\u00b7lit (EGNSS), per a aplicacions i serveis de mobilitat urbana i transport p\u00fablic. En el projecte ARIADNA hi participa un consorci liderat per Factual Consulting, del que forma part CIT UPC, la Union Internationale des Transports Publics (UITP), Pildo Consulting i Auxilia.<\/p>\n\n\n\n<div class=\"wp-block-image\"><figure class=\"aligncenter size-full\"><img loading=\"lazy\" decoding=\"async\" width=\"850\" height=\"380\" src=\"https:\/\/cit.upc.edu\/wp-content\/uploads\/2021\/09\/imc21-VS1.jpg\" alt=\"\" class=\"wp-image-13895\" srcset=\"https:\/\/cit.upc.edu\/wp-content\/uploads\/2021\/09\/imc21-VS1.jpg 850w, https:\/\/cit.upc.edu\/wp-content\/uploads\/2021\/09\/imc21-VS1-300x134.jpg 300w, https:\/\/cit.upc.edu\/wp-content\/uploads\/2021\/09\/imc21-VS1-768x343.jpg 768w, https:\/\/cit.upc.edu\/wp-content\/uploads\/2021\/09\/imc21-VS1-260x116.jpg 260w, https:\/\/cit.upc.edu\/wp-content\/uploads\/2021\/09\/imc21-VS1-50x22.jpg 50w, https:\/\/cit.upc.edu\/wp-content\/uploads\/2021\/09\/imc21-VS1-150x67.jpg 150w\" sizes=\"auto, (max-width:767px) 480px, (max-width:850px) 100vw, 850px\" \/><\/figure><\/div>\n\n\n\n<p>L\u2019International Mobility Congress (IMC21) se celebrar\u00e0 entre el 21 i el 22 de setembre a l\u2019Hotel Meli\u00e0 de Sitges i ser\u00e0 un punt de trobada professional per entendre la nova mobilitat, en un entorn post COVID, i fer front als Objectius de Desenvolupament Sostenible a trav\u00e9s de la innovaci\u00f3. La 1a edici\u00f3 de la International Mobility Congress (IMC21) se celebra enguany sota el lema \u2018Drive to innovation\u2019 i tindr\u00e0 un format h\u00edbrid.<\/p>\n\n\n\n<p>L\u2019IMC21 est\u00e0 organitzat per la Generalitat de Catalunya, l\u2019Ajuntament de Sitges, l\u2019AMTU- Autoritat del Transport Metropolit\u00e0 (ATM) de l\u2019\u00e0rea de Barcelona, la Diputaci\u00f3 de Barcelona, l\u2019Ajuntament de Barcelona, la Federaci\u00f3 de Municipis de Catalunya (FMC), l\u2019Associaci\u00f3 de Municipis de Catalunya (ACM), Transports Metropolitans de Barcelona (TMB), Ferrocarrils de la Generalitat de Catalunya (FGC) i l\u2019\u00c0rea Metropolitana de Barcelona (AMB). CIT UPC hi col\u00b7labora com Ambassador de l\u2019esdeveniment.<\/p>\n\n\n\n<p>M\u00e9s informaci\u00f3 de l\u2019esdeveniment i\/o inscripcions <a target=\"_blank\" target=\"_blank\" href=\"https:\/\/www.imcmobilitycongress.com\/imc\/\">aqu\u00ed<\/a>.<\/p>\n\n\n\n<p>Dia: 22 de setembre a les 13.00h &#8211; 13.30h<\/p>\n\n\n\n<p>Lloc: l\u2019Hotel Meli\u00e0 de Sitges<\/p>\n\n\n\n<div style=\"height:100px\" aria-hidden=\"true\" class=\"wp-block-spacer\"><\/div>\n","protected":false},"excerpt":{"rendered":"<p>14\/9\/2021 El Centre d\u2019Innovaci\u00f3 i Tecnologia de la UPC, CIT UPC, coordinar\u00e0 la pon\u00e8ncia Galileo per estimular el transport p\u00fablic: Una mostra d\u2019experi\u00e8ncies d\u2019\u00e8xit a nivell<span class=\"excerpt-hellip\"> [\u2026]<\/span><\/p>\n","protected":false},"author":5,"featured_media":13937,"comment_status":"open","ping_status":"open","sticky":false,"template":"","format":"standard","meta":{"footnotes":""},"categories":[942],"tags":[],"class_list":["post-13894","post","type-post","status-publish","format-standard","has-post-thumbnail","hentry","category-noticia-ca"],"yoast_head":"<!-- This site is optimized with the Yoast SEO plugin v27.5 - https:\/\/yoast.com\/product\/yoast-seo-wordpress\/ -->\n<title>ARIADNA a l\u2019International Mobility Congress 2021 - CIT UPC<\/title>\n<meta name=\"robots\" content=\"index, follow, max-snippet:-1, max-image-preview:large, max-video-preview:-1\" \/>\n<link rel=\"canonical\" href=\"https:\/\/cit.upc.edu\/ca\/imc21\/\" \/>\n<meta property=\"og:locale\" content=\"ca_ES\" \/>\n<meta property=\"og:type\" content=\"article\" \/>\n<meta property=\"og:title\" content=\"ARIADNA a l\u2019International Mobility Congress 2021 - CIT UPC\" \/>\n<meta property=\"og:description\" content=\"14\/9\/2021 El Centre d\u2019Innovaci\u00f3 i Tecnologia de la UPC, CIT UPC, coordinar\u00e0 la pon\u00e8ncia Galileo per estimular el transport p\u00fablic: Una mostra d\u2019experi\u00e8ncies d\u2019\u00e8xit a nivell [\u2026]\" \/>\n<meta property=\"og:url\" content=\"https:\/\/cit.upc.edu\/ca\/imc21\/\" \/>\n<meta property=\"og:site_name\" content=\"CIT UPC\" \/>\n<meta property=\"article:publisher\" content=\"https:\/\/www.facebook.com\/cit.upc\" \/>\n<meta property=\"article:published_time\" content=\"2021-09-14T11:37:09+00:00\" \/>\n<meta property=\"article:modified_time\" content=\"2021-09-21T14:10:00+00:00\" \/>\n<meta property=\"og:image\" content=\"https:\/\/cit.upc.edu\/wp-content\/uploads\/2021\/09\/imc21-VS4.jpg\" \/>\n\t<meta property=\"og:image:width\" content=\"570\" \/>\n\t<meta property=\"og:image:height\" content=\"380\" \/>\n\t<meta property=\"og:image:type\" content=\"image\/jpeg\" \/>\n<meta name=\"author\" content=\"CIT UPC\" \/>\n<meta name=\"twitter:card\" content=\"summary_large_image\" \/>\n<meta name=\"twitter:creator\" content=\"@CIT_UPC\" \/>\n<meta name=\"twitter:site\" content=\"@CIT_UPC\" \/>\n<meta name=\"twitter:label1\" content=\"Escrit per\" \/>\n\t<meta name=\"twitter:data1\" content=\"CIT UPC\" \/>\n\t<meta name=\"twitter:label2\" content=\"Temps estimat de lectura\" \/>\n\t<meta name=\"twitter:data2\" content=\"2 minuts\" \/>\n<script type=\"application\/ld+json\" class=\"yoast-schema-graph\">{\"@context\":\"https:\\\/\\\/schema.org\",\"@graph\":[{\"@type\":\"Article\",\"@id\":\"https:\\\/\\\/cit.upc.edu\\\/ca\\\/imc21\\\/#article\",\"isPartOf\":{\"@id\":\"https:\\\/\\\/cit.upc.edu\\\/ca\\\/imc21\\\/\"},\"author\":{\"name\":\"CIT UPC\",\"@id\":\"https:\\\/\\\/cit.upc.edu\\\/es\\\/#\\\/schema\\\/person\\\/9699f82f1a653c8a17baa3fbdf70c6b3\"},\"headline\":\"ARIADNA a l\u2019International Mobility Congress 2021\",\"datePublished\":\"2021-09-14T11:37:09+00:00\",\"dateModified\":\"2021-09-21T14:10:00+00:00\",\"mainEntityOfPage\":{\"@id\":\"https:\\\/\\\/cit.upc.edu\\\/ca\\\/imc21\\\/\"},\"wordCount\":351,\"commentCount\":0,\"publisher\":{\"@id\":\"https:\\\/\\\/cit.upc.edu\\\/es\\\/#organization\"},\"image\":{\"@id\":\"https:\\\/\\\/cit.upc.edu\\\/ca\\\/imc21\\\/#primaryimage\"},\"thumbnailUrl\":\"https:\\\/\\\/cit.upc.edu\\\/wp-content\\\/uploads\\\/2021\\\/09\\\/imc21-VS4.jpg\",\"articleSection\":[\"Not\u00edcia\"],\"inLanguage\":\"ca\",\"potentialAction\":[{\"@type\":\"CommentAction\",\"name\":\"Comment\",\"target\":[\"https:\\\/\\\/cit.upc.edu\\\/ca\\\/imc21\\\/#respond\"]}]},{\"@type\":\"WebPage\",\"@id\":\"https:\\\/\\\/cit.upc.edu\\\/ca\\\/imc21\\\/\",\"url\":\"https:\\\/\\\/cit.upc.edu\\\/ca\\\/imc21\\\/\",\"name\":\"ARIADNA a l\u2019International Mobility Congress 2021 - CIT UPC\",\"isPartOf\":{\"@id\":\"https:\\\/\\\/cit.upc.edu\\\/es\\\/#website\"},\"primaryImageOfPage\":{\"@id\":\"https:\\\/\\\/cit.upc.edu\\\/ca\\\/imc21\\\/#primaryimage\"},\"image\":{\"@id\":\"https:\\\/\\\/cit.upc.edu\\\/ca\\\/imc21\\\/#primaryimage\"},\"thumbnailUrl\":\"https:\\\/\\\/cit.upc.edu\\\/wp-content\\\/uploads\\\/2021\\\/09\\\/imc21-VS4.jpg\",\"datePublished\":\"2021-09-14T11:37:09+00:00\",\"dateModified\":\"2021-09-21T14:10:00+00:00\",\"breadcrumb\":{\"@id\":\"https:\\\/\\\/cit.upc.edu\\\/ca\\\/imc21\\\/#breadcrumb\"},\"inLanguage\":\"ca\",\"potentialAction\":[{\"@type\":\"ReadAction\",\"target\":[\"https:\\\/\\\/cit.upc.edu\\\/ca\\\/imc21\\\/\"]}]},{\"@type\":\"ImageObject\",\"inLanguage\":\"ca\",\"@id\":\"https:\\\/\\\/cit.upc.edu\\\/ca\\\/imc21\\\/#primaryimage\",\"url\":\"https:\\\/\\\/cit.upc.edu\\\/wp-content\\\/uploads\\\/2021\\\/09\\\/imc21-VS4.jpg\",\"contentUrl\":\"https:\\\/\\\/cit.upc.edu\\\/wp-content\\\/uploads\\\/2021\\\/09\\\/imc21-VS4.jpg\",\"width\":570,\"height\":380},{\"@type\":\"BreadcrumbList\",\"@id\":\"https:\\\/\\\/cit.upc.edu\\\/ca\\\/imc21\\\/#breadcrumb\",\"itemListElement\":[{\"@type\":\"ListItem\",\"position\":1,\"name\":\"Portada\",\"item\":\"https:\\\/\\\/cit.upc.edu\\\/ca\\\/\"},{\"@type\":\"ListItem\",\"position\":2,\"name\":\"ARIADNA a l\u2019International Mobility Congress 2021\"}]},{\"@type\":\"WebSite\",\"@id\":\"https:\\\/\\\/cit.upc.edu\\\/es\\\/#website\",\"url\":\"https:\\\/\\\/cit.upc.edu\\\/es\\\/\",\"name\":\"CIT UPC\",\"description\":\"UPC Technology Center\",\"publisher\":{\"@id\":\"https:\\\/\\\/cit.upc.edu\\\/es\\\/#organization\"},\"potentialAction\":[{\"@type\":\"SearchAction\",\"target\":{\"@type\":\"EntryPoint\",\"urlTemplate\":\"https:\\\/\\\/cit.upc.edu\\\/es\\\/?s={search_term_string}\"},\"query-input\":{\"@type\":\"PropertyValueSpecification\",\"valueRequired\":true,\"valueName\":\"search_term_string\"}}],\"inLanguage\":\"ca\"},{\"@type\":\"Organization\",\"@id\":\"https:\\\/\\\/cit.upc.edu\\\/es\\\/#organization\",\"name\":\"CIT UPC - UPC Technology Center\",\"url\":\"https:\\\/\\\/cit.upc.edu\\\/es\\\/\",\"logo\":{\"@type\":\"ImageObject\",\"inLanguage\":\"ca\",\"@id\":\"https:\\\/\\\/cit.upc.edu\\\/es\\\/#\\\/schema\\\/logo\\\/image\\\/\",\"url\":\"https:\\\/\\\/cit.upc.edu\\\/wp-content\\\/uploads\\\/2020\\\/04\\\/cropped-logo_positiu_horitzontal_2020_espanol.png\",\"contentUrl\":\"https:\\\/\\\/cit.upc.edu\\\/wp-content\\\/uploads\\\/2020\\\/04\\\/cropped-logo_positiu_horitzontal_2020_espanol.png\",\"width\":512,\"height\":512,\"caption\":\"CIT UPC - UPC Technology Center\"},\"image\":{\"@id\":\"https:\\\/\\\/cit.upc.edu\\\/es\\\/#\\\/schema\\\/logo\\\/image\\\/\"},\"sameAs\":[\"https:\\\/\\\/www.facebook.com\\\/cit.upc\",\"https:\\\/\\\/x.com\\\/CIT_UPC\",\"https:\\\/\\\/www.youtube.com\\\/user\\\/CITUPC\",\"https:\\\/\\\/www.flickr.com\\\/photos\\\/181927091@N08\",\"https:\\\/\\\/www.linkedin.com\\\/company\\\/cit-upc\\\/\",\"https:\\\/\\\/www.instagram.com\\\/cit_upc\\\/\"]},{\"@type\":\"Person\",\"@id\":\"https:\\\/\\\/cit.upc.edu\\\/es\\\/#\\\/schema\\\/person\\\/9699f82f1a653c8a17baa3fbdf70c6b3\",\"name\":\"CIT UPC\",\"image\":{\"@type\":\"ImageObject\",\"inLanguage\":\"ca\",\"@id\":\"https:\\\/\\\/secure.gravatar.com\\\/avatar\\\/773f33de263f3e24e13d0ac15062b5603e70036ec7f634846fb6363f44574610?s=96&d=mm&r=g\",\"url\":\"https:\\\/\\\/secure.gravatar.com\\\/avatar\\\/773f33de263f3e24e13d0ac15062b5603e70036ec7f634846fb6363f44574610?s=96&d=mm&r=g\",\"contentUrl\":\"https:\\\/\\\/secure.gravatar.com\\\/avatar\\\/773f33de263f3e24e13d0ac15062b5603e70036ec7f634846fb6363f44574610?s=96&d=mm&r=g\",\"caption\":\"CIT UPC\"},\"url\":\"https:\\\/\\\/cit.upc.edu\\\/ca\\\/author\\\/cit-upc\\\/\"}]}<\/script>\n<!-- \/ Yoast SEO plugin. -->","yoast_head_json":{"title":"ARIADNA a l\u2019International Mobility Congress 2021 - CIT UPC","robots":{"index":"index","follow":"follow","max-snippet":"max-snippet:-1","max-image-preview":"max-image-preview:large","max-video-preview":"max-video-preview:-1"},"canonical":"https:\/\/cit.upc.edu\/ca\/imc21\/","og_locale":"ca_ES","og_type":"article","og_title":"ARIADNA a l\u2019International Mobility Congress 2021 - CIT UPC","og_description":"14\/9\/2021 El Centre d\u2019Innovaci\u00f3 i Tecnologia de la UPC, CIT UPC, coordinar\u00e0 la pon\u00e8ncia Galileo per estimular el transport p\u00fablic: Una mostra d\u2019experi\u00e8ncies d\u2019\u00e8xit a nivell [\u2026]","og_url":"https:\/\/cit.upc.edu\/ca\/imc21\/","og_site_name":"CIT UPC","article_publisher":"https:\/\/www.facebook.com\/cit.upc","article_published_time":"2021-09-14T11:37:09+00:00","article_modified_time":"2021-09-21T14:10:00+00:00","og_image":[{"width":570,"height":380,"url":"https:\/\/cit.upc.edu\/wp-content\/uploads\/2021\/09\/imc21-VS4.jpg","type":"image\/jpeg"}],"author":"CIT UPC","twitter_card":"summary_large_image","twitter_creator":"@CIT_UPC","twitter_site":"@CIT_UPC","twitter_misc":{"Escrit per":"CIT UPC","Temps estimat de lectura":"2 minuts"},"schema":{"@context":"https:\/\/schema.org","@graph":[{"@type":"Article","@id":"https:\/\/cit.upc.edu\/ca\/imc21\/#article","isPartOf":{"@id":"https:\/\/cit.upc.edu\/ca\/imc21\/"},"author":{"name":"CIT UPC","@id":"https:\/\/cit.upc.edu\/es\/#\/schema\/person\/9699f82f1a653c8a17baa3fbdf70c6b3"},"headline":"ARIADNA a l\u2019International Mobility Congress 2021","datePublished":"2021-09-14T11:37:09+00:00","dateModified":"2021-09-21T14:10:00+00:00","mainEntityOfPage":{"@id":"https:\/\/cit.upc.edu\/ca\/imc21\/"},"wordCount":351,"commentCount":0,"publisher":{"@id":"https:\/\/cit.upc.edu\/es\/#organization"},"image":{"@id":"https:\/\/cit.upc.edu\/ca\/imc21\/#primaryimage"},"thumbnailUrl":"https:\/\/cit.upc.edu\/wp-content\/uploads\/2021\/09\/imc21-VS4.jpg","articleSection":["Not\u00edcia"],"inLanguage":"ca","potentialAction":[{"@type":"CommentAction","name":"Comment","target":["https:\/\/cit.upc.edu\/ca\/imc21\/#respond"]}]},{"@type":"WebPage","@id":"https:\/\/cit.upc.edu\/ca\/imc21\/","url":"https:\/\/cit.upc.edu\/ca\/imc21\/","name":"ARIADNA a l\u2019International Mobility Congress 2021 - CIT UPC","isPartOf":{"@id":"https:\/\/cit.upc.edu\/es\/#website"},"primaryImageOfPage":{"@id":"https:\/\/cit.upc.edu\/ca\/imc21\/#primaryimage"},"image":{"@id":"https:\/\/cit.upc.edu\/ca\/imc21\/#primaryimage"},"thumbnailUrl":"https:\/\/cit.upc.edu\/wp-content\/uploads\/2021\/09\/imc21-VS4.jpg","datePublished":"2021-09-14T11:37:09+00:00","dateModified":"2021-09-21T14:10:00+00:00","breadcrumb":{"@id":"https:\/\/cit.upc.edu\/ca\/imc21\/#breadcrumb"},"inLanguage":"ca","potentialAction":[{"@type":"ReadAction","target":["https:\/\/cit.upc.edu\/ca\/imc21\/"]}]},{"@type":"ImageObject","inLanguage":"ca","@id":"https:\/\/cit.upc.edu\/ca\/imc21\/#primaryimage","url":"https:\/\/cit.upc.edu\/wp-content\/uploads\/2021\/09\/imc21-VS4.jpg","contentUrl":"https:\/\/cit.upc.edu\/wp-content\/uploads\/2021\/09\/imc21-VS4.jpg","width":570,"height":380},{"@type":"BreadcrumbList","@id":"https:\/\/cit.upc.edu\/ca\/imc21\/#breadcrumb","itemListElement":[{"@type":"ListItem","position":1,"name":"Portada","item":"https:\/\/cit.upc.edu\/ca\/"},{"@type":"ListItem","position":2,"name":"ARIADNA a l\u2019International Mobility Congress 2021"}]},{"@type":"WebSite","@id":"https:\/\/cit.upc.edu\/es\/#website","url":"https:\/\/cit.upc.edu\/es\/","name":"CIT UPC","description":"UPC Technology Center","publisher":{"@id":"https:\/\/cit.upc.edu\/es\/#organization"},"potentialAction":[{"@type":"SearchAction","target":{"@type":"EntryPoint","urlTemplate":"https:\/\/cit.upc.edu\/es\/?s={search_term_string}"},"query-input":{"@type":"PropertyValueSpecification","valueRequired":true,"valueName":"search_term_string"}}],"inLanguage":"ca"},{"@type":"Organization","@id":"https:\/\/cit.upc.edu\/es\/#organization","name":"CIT UPC - UPC Technology Center","url":"https:\/\/cit.upc.edu\/es\/","logo":{"@type":"ImageObject","inLanguage":"ca","@id":"https:\/\/cit.upc.edu\/es\/#\/schema\/logo\/image\/","url":"https:\/\/cit.upc.edu\/wp-content\/uploads\/2020\/04\/cropped-logo_positiu_horitzontal_2020_espanol.png","contentUrl":"https:\/\/cit.upc.edu\/wp-content\/uploads\/2020\/04\/cropped-logo_positiu_horitzontal_2020_espanol.png","width":512,"height":512,"caption":"CIT UPC - UPC Technology Center"},"image":{"@id":"https:\/\/cit.upc.edu\/es\/#\/schema\/logo\/image\/"},"sameAs":["https:\/\/www.facebook.com\/cit.upc","https:\/\/x.com\/CIT_UPC","https:\/\/www.youtube.com\/user\/CITUPC","https:\/\/www.flickr.com\/photos\/181927091@N08","https:\/\/www.linkedin.com\/company\/cit-upc\/","https:\/\/www.instagram.com\/cit_upc\/"]},{"@type":"Person","@id":"https:\/\/cit.upc.edu\/es\/#\/schema\/person\/9699f82f1a653c8a17baa3fbdf70c6b3","name":"CIT UPC","image":{"@type":"ImageObject","inLanguage":"ca","@id":"https:\/\/secure.gravatar.com\/avatar\/773f33de263f3e24e13d0ac15062b5603e70036ec7f634846fb6363f44574610?s=96&d=mm&r=g","url":"https:\/\/secure.gravatar.com\/avatar\/773f33de263f3e24e13d0ac15062b5603e70036ec7f634846fb6363f44574610?s=96&d=mm&r=g","contentUrl":"https:\/\/secure.gravatar.com\/avatar\/773f33de263f3e24e13d0ac15062b5603e70036ec7f634846fb6363f44574610?s=96&d=mm&r=g","caption":"CIT UPC"},"url":"https:\/\/cit.upc.edu\/ca\/author\/cit-upc\/"}]}},"_links":{"self":[{"href":"https:\/\/cit.upc.edu\/ca\/wp-json\/wp\/v2\/posts\/13894","targetHints":{"allow":["GET"]}}],"collection":[{"href":"https:\/\/cit.upc.edu\/ca\/wp-json\/wp\/v2\/posts"}],"about":[{"href":"https:\/\/cit.upc.edu\/ca\/wp-json\/wp\/v2\/types\/post"}],"author":[{"embeddable":true,"href":"https:\/\/cit.upc.edu\/ca\/wp-json\/wp\/v2\/users\/5"}],"replies":[{"embeddable":true,"href":"https:\/\/cit.upc.edu\/ca\/wp-json\/wp\/v2\/comments?post=13894"}],"version-history":[{"count":4,"href":"https:\/\/cit.upc.edu\/ca\/wp-json\/wp\/v2\/posts\/13894\/revisions"}],"predecessor-version":[{"id":13978,"href":"https:\/\/cit.upc.edu\/ca\/wp-json\/wp\/v2\/posts\/13894\/revisions\/13978"}],"wp:featuredmedia":[{"embeddable":true,"href":"https:\/\/cit.upc.edu\/ca\/wp-json\/wp\/v2\/media\/13937"}],"wp:attachment":[{"href":"https:\/\/cit.upc.edu\/ca\/wp-json\/wp\/v2\/media?parent=13894"}],"wp:term":[{"taxonomy":"category","embeddable":true,"href":"https:\/\/cit.upc.edu\/ca\/wp-json\/wp\/v2\/categories?post=13894"},{"taxonomy":"post_tag","embeddable":true,"href":"https:\/\/cit.upc.edu\/ca\/wp-json\/wp\/v2\/tags?post=13894"}],"curies":[{"name":"wp","href":"https:\/\/api.w.org\/{rel}","templated":true}]}}