{"id":31334,"date":"2026-04-30T09:00:00","date_gmt":"2026-04-30T09:00:00","guid":{"rendered":"https:\/\/cit.upc.edu\/cit-upc-presente-en-el-acto-del-30-aniversario-de-fedit\/"},"modified":"2026-04-30T15:03:00","modified_gmt":"2026-04-30T15:03:00","slug":"cit-upc-present-en-lacte-del-30e-aniversari-de-fedit","status":"publish","type":"post","link":"https:\/\/cit.upc.edu\/ca\/cit-upc-present-en-lacte-del-30e-aniversari-de-fedit\/","title":{"rendered":"CIT UPC, present en l&#8217;acte del 30\u00e8 aniversari de Fedit"},"content":{"rendered":"\n<p><span class=\"builder2seo\"><\/span><p>30\/04\/2026<\/p><br>Project Header<br>no-repeat;left top;;<br>auto<br>20px<br><br><h4>El Centre d\u2019Innovaci\u00f3 i Tecnologia de la Universitat Polit\u00e8cnica de Catalunya &#8211; BarcelonaTech (UPC), CIT UPC, ha estat present, com a membre col\u00b7laborador de la Federaci\u00f3 Espanyola de Centres Tecnol\u00f2gics (Fedit), en la presentaci\u00f3 de l\u2019estudi \u201cValor i impacte econ\u00f2mic dels Centres Tecnol\u00f2gics Fedit\u201d, en el marc de l\u2019acte commemoratiu del 30\u00e8 aniversari de la Federaci\u00f3, que ha tingut lloc el 29 d\u2019abril a Madrid.<\/h4><br>Project Header<br>no-repeat;left top;;<br>auto<br>20px<br><br><br><p>El 29 d\u2019abril, ha tingut lloc la presentaci\u00f3 de l\u2019estudi \u201cValor i impacte econ\u00f2mic dels Centres Tecnol\u00f2gics Fedit\u201d, elaborat per l\u2019Institut Valenci\u00e0 d\u2019Investigacions Econ\u00f2miques, en una roda de premsa pr\u00e8via a l\u2019acte institucional en commemoraci\u00f3 del 30\u00e8 aniversari de Fedit. L\\&#8217;<a target=\"_blank\" target=\"_blank\" href=\"https:\/\/fedit.com\/2026\/04\/los-centros-tecnologicos-generan-mas-de-7-700-millones-de-euros-de-pib-y-127-000-empleos-en-espana\/\" target=\"_blank\">informe<\/a> ha quantificat l\u2019impacte agregat dels Centres Tecnol\u00f2gics en l\u2019economia espanyola, posant en valor la seva contribuci\u00f3 a la innovaci\u00f3, la competitivitat empresarial i l\u2019ocupaci\u00f3.<\/p><br><br><p>La presentaci\u00f3 de l\u2019estudi i l\u2019acte commemoratiu del 30\u00e8 aniversari de Fedit s\u2019han celebrat a l\u2019Institut de l\u2019Enginyeria d\u2019Espanya (Madrid), reunint representants institucionals, empresarials i de l\u2019\u00e0mbit de la R+D+I per posar en valor tres d\u00e8cades d\u2019impuls a la innovaci\u00f3 aplicada a Espanya.<\/p><br><br><p>M\u00e9s informaci\u00f3 en la not\u00edcia de Fedit, disponible <a target=\"_blank\" target=\"_blank\" href=\"https:\/\/fedit.com\/2026\/04\/los-centros-tecnologicos-generan-mas-de-7-700-millones-de-euros-de-pib-y-127-000-empleos-en-espana\/\" target=\"_blank\">aqu\u00ed<\/a>.<\/p><br>Main Text<br>no-repeat;left top;;<br>auto<br><br><br><img decoding=\"async\" src=\"https:\/\/cit.upc.edu\/wp-content\/uploads\/2026\/04\/30-Aniversario-Fedit.png#31323\" alt=\"30 Aniversario Fedit\"><br><br><h5>Vols saber m\u00e9s?<\/h5><br>Contact Button<br>no-repeat;left top;;<br>auto<br>0px<br><br><hr class=\"no_line\" style=\"margin: 0 auto 0px auto\"\/>\n <a class=\"button  button_size_2\" href=\"\"         title=\"\"><span class=\"button_label\">Button<\/span><\/a>\n <hr class=\"no_line\" style=\"margin: 0 auto 0px auto\"\/>\n <a class=\"button  button_size_2\" href=\"\"         title=\"\"><span class=\"button_label\">Button<\/span><\/a>\n<br>no-repeat;left top;;<br>auto<br><br><br><h4>Proyectos Relacionados<\/h4><br>Proyectos Relacionados<br>no-repeat;left top;;<br>auto<br><br>grid<br>date<br>DESC<br><br><\/p>\n","protected":false},"excerpt":{"rendered":"<p>El Centre d\u2019Innovaci\u00f3 i Tecnologia de la Universitat Polit\u00e8cnica de Catalunya &#8211; BarcelonaTech (UPC), CIT UPC, ha estat present, com a membre colaborador de la Federaci\u00f3 Espanyola de Centres Tecnol\u00f2gics (Fedit), en la presentaci\u00f3 de l\u2019estudi \u201cValor i impacte econ\u00f2mic dels Centres Tecnol\u00f2gics Fedit\u201d, en el marc de l\u2019acte commemoratiu del 30\u00e8 aniversari de la Federaci\u00f3, que ha tingut lloc el 29 d\u2019abril a Madrid.<\/p>\n","protected":false},"author":5,"featured_media":31324,"comment_status":"closed","ping_status":"open","sticky":false,"template":"","format":"standard","meta":{"footnotes":""},"categories":[942],"tags":[],"class_list":["post-31334","post","type-post","status-publish","format-standard","has-post-thumbnail","hentry","category-noticia-ca"],"yoast_head":"<!-- This site is optimized with the Yoast SEO plugin v27.5 - https:\/\/yoast.com\/product\/yoast-seo-wordpress\/ -->\n<title>CIT UPC, present en l&#039;acte del 30\u00e8 aniversari de FeditCIT UPC, present en l&#039;acte del 30\u00e8 aniversari de Fedit - CIT UPC<\/title>\n<meta name=\"description\" content=\"El Centre d\u2019Innovaci\u00f3 i Tecnologia de la Universitat Polit\u00e8cnica de Catalunya - BarcelonaTech (UPC), CIT UPC, ha estat present, com a membre colaborador de la Federaci\u00f3 Espanyola de Centres Tecnol\u00f2gics (Fedit), en la presentaci\u00f3 de l\u2019estudi \u201cValor i impacte econ\u00f2mic dels Centres Tecnol\u00f2gics Fedit\u201d, en el marc de l\u2019acte commemoratiu del 30\u00e8 aniversari de la Federaci\u00f3, que ha tingut lloc el 29 d\u2019abril a Madrid.\" \/>\n<meta name=\"robots\" content=\"index, follow, max-snippet:-1, max-image-preview:large, max-video-preview:-1\" \/>\n<link rel=\"canonical\" href=\"https:\/\/cit.upc.edu\/ca\/cit-upc-present-en-lacte-del-30e-aniversari-de-fedit\/\" \/>\n<meta property=\"og:locale\" content=\"ca_ES\" \/>\n<meta property=\"og:type\" content=\"article\" \/>\n<meta property=\"og:title\" content=\"CIT UPC, present en l&#039;acte del 30\u00e8 aniversari de FeditCIT UPC, present en l&#039;acte del 30\u00e8 aniversari de Fedit - CIT UPC\" \/>\n<meta property=\"og:description\" content=\"El Centre d\u2019Innovaci\u00f3 i Tecnologia de la Universitat Polit\u00e8cnica de Catalunya - BarcelonaTech (UPC), CIT UPC, ha estat present, com a membre colaborador de la Federaci\u00f3 Espanyola de Centres Tecnol\u00f2gics (Fedit), en la presentaci\u00f3 de l\u2019estudi \u201cValor i impacte econ\u00f2mic dels Centres Tecnol\u00f2gics Fedit\u201d, en el marc de l\u2019acte commemoratiu del 30\u00e8 aniversari de la Federaci\u00f3, que ha tingut lloc el 29 d\u2019abril a Madrid.\" \/>\n<meta property=\"og:url\" content=\"https:\/\/cit.upc.edu\/ca\/cit-upc-present-en-lacte-del-30e-aniversari-de-fedit\/\" \/>\n<meta property=\"og:site_name\" content=\"CIT UPC\" \/>\n<meta property=\"article:publisher\" content=\"https:\/\/www.facebook.com\/cit.upc\" \/>\n<meta property=\"article:published_time\" content=\"2026-04-30T09:00:00+00:00\" \/>\n<meta property=\"article:modified_time\" content=\"2026-04-30T15:03:00+00:00\" \/>\n<meta property=\"og:image\" content=\"https:\/\/cit.upc.edu\/wp-content\/uploads\/2026\/04\/30-Aniversario-Fedit.png\" \/>\n\t<meta property=\"og:image:width\" content=\"700\" \/>\n\t<meta property=\"og:image:height\" content=\"526\" \/>\n\t<meta property=\"og:image:type\" content=\"image\/png\" \/>\n<meta name=\"author\" content=\"CIT UPC\" \/>\n<meta name=\"twitter:card\" content=\"summary_large_image\" \/>\n<meta name=\"twitter:creator\" content=\"@CIT_UPC\" \/>\n<meta name=\"twitter:site\" content=\"@CIT_UPC\" \/>\n<meta name=\"twitter:label1\" content=\"Escrit per\" \/>\n\t<meta name=\"twitter:data1\" content=\"CIT UPC\" \/>\n\t<meta name=\"twitter:label2\" content=\"Temps estimat de lectura\" \/>\n\t<meta name=\"twitter:data2\" content=\"2 minuts\" \/>\n<script type=\"application\/ld+json\" class=\"yoast-schema-graph\">{\"@context\":\"https:\\\/\\\/schema.org\",\"@graph\":[{\"@type\":\"Article\",\"@id\":\"https:\\\/\\\/cit.upc.edu\\\/ca\\\/cit-upc-present-en-lacte-del-30e-aniversari-de-fedit\\\/#article\",\"isPartOf\":{\"@id\":\"https:\\\/\\\/cit.upc.edu\\\/ca\\\/cit-upc-present-en-lacte-del-30e-aniversari-de-fedit\\\/\"},\"author\":{\"name\":\"CIT UPC\",\"@id\":\"https:\\\/\\\/cit.upc.edu\\\/es\\\/#\\\/schema\\\/person\\\/9699f82f1a653c8a17baa3fbdf70c6b3\"},\"headline\":\"CIT UPC, present en l&#8217;acte del 30\u00e8 aniversari de Fedit\",\"datePublished\":\"2026-04-30T09:00:00+00:00\",\"dateModified\":\"2026-04-30T15:03:00+00:00\",\"mainEntityOfPage\":{\"@id\":\"https:\\\/\\\/cit.upc.edu\\\/ca\\\/cit-upc-present-en-lacte-del-30e-aniversari-de-fedit\\\/\"},\"wordCount\":322,\"publisher\":{\"@id\":\"https:\\\/\\\/cit.upc.edu\\\/es\\\/#organization\"},\"image\":{\"@id\":\"https:\\\/\\\/cit.upc.edu\\\/ca\\\/cit-upc-present-en-lacte-del-30e-aniversari-de-fedit\\\/#primaryimage\"},\"thumbnailUrl\":\"https:\\\/\\\/cit.upc.edu\\\/wp-content\\\/uploads\\\/2026\\\/04\\\/30-Aniversario-Fedit.png\",\"articleSection\":[\"Not\u00edcia\"],\"inLanguage\":\"ca\"},{\"@type\":\"WebPage\",\"@id\":\"https:\\\/\\\/cit.upc.edu\\\/ca\\\/cit-upc-present-en-lacte-del-30e-aniversari-de-fedit\\\/\",\"url\":\"https:\\\/\\\/cit.upc.edu\\\/ca\\\/cit-upc-present-en-lacte-del-30e-aniversari-de-fedit\\\/\",\"name\":\"CIT UPC, present en l'acte del 30\u00e8 aniversari de FeditCIT UPC, present en l'acte del 30\u00e8 aniversari de Fedit - CIT UPC\",\"isPartOf\":{\"@id\":\"https:\\\/\\\/cit.upc.edu\\\/es\\\/#website\"},\"primaryImageOfPage\":{\"@id\":\"https:\\\/\\\/cit.upc.edu\\\/ca\\\/cit-upc-present-en-lacte-del-30e-aniversari-de-fedit\\\/#primaryimage\"},\"image\":{\"@id\":\"https:\\\/\\\/cit.upc.edu\\\/ca\\\/cit-upc-present-en-lacte-del-30e-aniversari-de-fedit\\\/#primaryimage\"},\"thumbnailUrl\":\"https:\\\/\\\/cit.upc.edu\\\/wp-content\\\/uploads\\\/2026\\\/04\\\/30-Aniversario-Fedit.png\",\"datePublished\":\"2026-04-30T09:00:00+00:00\",\"dateModified\":\"2026-04-30T15:03:00+00:00\",\"description\":\"El Centre d\u2019Innovaci\u00f3 i Tecnologia de la Universitat Polit\u00e8cnica de Catalunya - BarcelonaTech (UPC), CIT UPC, ha estat present, com a membre colaborador de la Federaci\u00f3 Espanyola de Centres Tecnol\u00f2gics (Fedit), en la presentaci\u00f3 de l\u2019estudi \u201cValor i impacte econ\u00f2mic dels Centres Tecnol\u00f2gics Fedit\u201d, en el marc de l\u2019acte commemoratiu del 30\u00e8 aniversari de la Federaci\u00f3, que ha tingut lloc el 29 d\u2019abril a Madrid.\",\"breadcrumb\":{\"@id\":\"https:\\\/\\\/cit.upc.edu\\\/ca\\\/cit-upc-present-en-lacte-del-30e-aniversari-de-fedit\\\/#breadcrumb\"},\"inLanguage\":\"ca\",\"potentialAction\":[{\"@type\":\"ReadAction\",\"target\":[\"https:\\\/\\\/cit.upc.edu\\\/ca\\\/cit-upc-present-en-lacte-del-30e-aniversari-de-fedit\\\/\"]}]},{\"@type\":\"ImageObject\",\"inLanguage\":\"ca\",\"@id\":\"https:\\\/\\\/cit.upc.edu\\\/ca\\\/cit-upc-present-en-lacte-del-30e-aniversari-de-fedit\\\/#primaryimage\",\"url\":\"https:\\\/\\\/cit.upc.edu\\\/wp-content\\\/uploads\\\/2026\\\/04\\\/30-Aniversario-Fedit.png\",\"contentUrl\":\"https:\\\/\\\/cit.upc.edu\\\/wp-content\\\/uploads\\\/2026\\\/04\\\/30-Aniversario-Fedit.png\",\"width\":700,\"height\":526,\"caption\":\"30 Aniversario Fedit\"},{\"@type\":\"BreadcrumbList\",\"@id\":\"https:\\\/\\\/cit.upc.edu\\\/ca\\\/cit-upc-present-en-lacte-del-30e-aniversari-de-fedit\\\/#breadcrumb\",\"itemListElement\":[{\"@type\":\"ListItem\",\"position\":1,\"name\":\"Portada\",\"item\":\"https:\\\/\\\/cit.upc.edu\\\/ca\\\/\"},{\"@type\":\"ListItem\",\"position\":2,\"name\":\"CIT UPC, present en l&#8217;acte del 30\u00e8 aniversari de Fedit\"}]},{\"@type\":\"WebSite\",\"@id\":\"https:\\\/\\\/cit.upc.edu\\\/es\\\/#website\",\"url\":\"https:\\\/\\\/cit.upc.edu\\\/es\\\/\",\"name\":\"CIT UPC\",\"description\":\"UPC Technology Center\",\"publisher\":{\"@id\":\"https:\\\/\\\/cit.upc.edu\\\/es\\\/#organization\"},\"potentialAction\":[{\"@type\":\"SearchAction\",\"target\":{\"@type\":\"EntryPoint\",\"urlTemplate\":\"https:\\\/\\\/cit.upc.edu\\\/es\\\/?s={search_term_string}\"},\"query-input\":{\"@type\":\"PropertyValueSpecification\",\"valueRequired\":true,\"valueName\":\"search_term_string\"}}],\"inLanguage\":\"ca\"},{\"@type\":\"Organization\",\"@id\":\"https:\\\/\\\/cit.upc.edu\\\/es\\\/#organization\",\"name\":\"CIT UPC - UPC Technology Center\",\"url\":\"https:\\\/\\\/cit.upc.edu\\\/es\\\/\",\"logo\":{\"@type\":\"ImageObject\",\"inLanguage\":\"ca\",\"@id\":\"https:\\\/\\\/cit.upc.edu\\\/es\\\/#\\\/schema\\\/logo\\\/image\\\/\",\"url\":\"https:\\\/\\\/cit.upc.edu\\\/wp-content\\\/uploads\\\/2020\\\/04\\\/cropped-logo_positiu_horitzontal_2020_espanol.png\",\"contentUrl\":\"https:\\\/\\\/cit.upc.edu\\\/wp-content\\\/uploads\\\/2020\\\/04\\\/cropped-logo_positiu_horitzontal_2020_espanol.png\",\"width\":512,\"height\":512,\"caption\":\"CIT UPC - UPC Technology Center\"},\"image\":{\"@id\":\"https:\\\/\\\/cit.upc.edu\\\/es\\\/#\\\/schema\\\/logo\\\/image\\\/\"},\"sameAs\":[\"https:\\\/\\\/www.facebook.com\\\/cit.upc\",\"https:\\\/\\\/x.com\\\/CIT_UPC\",\"https:\\\/\\\/www.youtube.com\\\/user\\\/CITUPC\",\"https:\\\/\\\/www.flickr.com\\\/photos\\\/181927091@N08\",\"https:\\\/\\\/www.linkedin.com\\\/company\\\/cit-upc\\\/\",\"https:\\\/\\\/www.instagram.com\\\/cit_upc\\\/\"]},{\"@type\":\"Person\",\"@id\":\"https:\\\/\\\/cit.upc.edu\\\/es\\\/#\\\/schema\\\/person\\\/9699f82f1a653c8a17baa3fbdf70c6b3\",\"name\":\"CIT UPC\",\"image\":{\"@type\":\"ImageObject\",\"inLanguage\":\"ca\",\"@id\":\"https:\\\/\\\/secure.gravatar.com\\\/avatar\\\/773f33de263f3e24e13d0ac15062b5603e70036ec7f634846fb6363f44574610?s=96&d=mm&r=g\",\"url\":\"https:\\\/\\\/secure.gravatar.com\\\/avatar\\\/773f33de263f3e24e13d0ac15062b5603e70036ec7f634846fb6363f44574610?s=96&d=mm&r=g\",\"contentUrl\":\"https:\\\/\\\/secure.gravatar.com\\\/avatar\\\/773f33de263f3e24e13d0ac15062b5603e70036ec7f634846fb6363f44574610?s=96&d=mm&r=g\",\"caption\":\"CIT UPC\"},\"url\":\"https:\\\/\\\/cit.upc.edu\\\/ca\\\/author\\\/cit-upc\\\/\"}]}<\/script>\n<!-- \/ Yoast SEO plugin. -->","yoast_head_json":{"title":"CIT UPC, present en l'acte del 30\u00e8 aniversari de FeditCIT UPC, present en l'acte del 30\u00e8 aniversari de Fedit - CIT UPC","description":"El Centre d\u2019Innovaci\u00f3 i Tecnologia de la Universitat Polit\u00e8cnica de Catalunya - BarcelonaTech (UPC), CIT UPC, ha estat present, com a membre colaborador de la Federaci\u00f3 Espanyola de Centres Tecnol\u00f2gics (Fedit), en la presentaci\u00f3 de l\u2019estudi \u201cValor i impacte econ\u00f2mic dels Centres Tecnol\u00f2gics Fedit\u201d, en el marc de l\u2019acte commemoratiu del 30\u00e8 aniversari de la Federaci\u00f3, que ha tingut lloc el 29 d\u2019abril a Madrid.","robots":{"index":"index","follow":"follow","max-snippet":"max-snippet:-1","max-image-preview":"max-image-preview:large","max-video-preview":"max-video-preview:-1"},"canonical":"https:\/\/cit.upc.edu\/ca\/cit-upc-present-en-lacte-del-30e-aniversari-de-fedit\/","og_locale":"ca_ES","og_type":"article","og_title":"CIT UPC, present en l'acte del 30\u00e8 aniversari de FeditCIT UPC, present en l'acte del 30\u00e8 aniversari de Fedit - CIT UPC","og_description":"El Centre d\u2019Innovaci\u00f3 i Tecnologia de la Universitat Polit\u00e8cnica de Catalunya - BarcelonaTech (UPC), CIT UPC, ha estat present, com a membre colaborador de la Federaci\u00f3 Espanyola de Centres Tecnol\u00f2gics (Fedit), en la presentaci\u00f3 de l\u2019estudi \u201cValor i impacte econ\u00f2mic dels Centres Tecnol\u00f2gics Fedit\u201d, en el marc de l\u2019acte commemoratiu del 30\u00e8 aniversari de la Federaci\u00f3, que ha tingut lloc el 29 d\u2019abril a Madrid.","og_url":"https:\/\/cit.upc.edu\/ca\/cit-upc-present-en-lacte-del-30e-aniversari-de-fedit\/","og_site_name":"CIT UPC","article_publisher":"https:\/\/www.facebook.com\/cit.upc","article_published_time":"2026-04-30T09:00:00+00:00","article_modified_time":"2026-04-30T15:03:00+00:00","og_image":[{"width":700,"height":526,"url":"https:\/\/cit.upc.edu\/wp-content\/uploads\/2026\/04\/30-Aniversario-Fedit.png","type":"image\/png"}],"author":"CIT UPC","twitter_card":"summary_large_image","twitter_creator":"@CIT_UPC","twitter_site":"@CIT_UPC","twitter_misc":{"Escrit per":"CIT UPC","Temps estimat de lectura":"2 minuts"},"schema":{"@context":"https:\/\/schema.org","@graph":[{"@type":"Article","@id":"https:\/\/cit.upc.edu\/ca\/cit-upc-present-en-lacte-del-30e-aniversari-de-fedit\/#article","isPartOf":{"@id":"https:\/\/cit.upc.edu\/ca\/cit-upc-present-en-lacte-del-30e-aniversari-de-fedit\/"},"author":{"name":"CIT UPC","@id":"https:\/\/cit.upc.edu\/es\/#\/schema\/person\/9699f82f1a653c8a17baa3fbdf70c6b3"},"headline":"CIT UPC, present en l&#8217;acte del 30\u00e8 aniversari de Fedit","datePublished":"2026-04-30T09:00:00+00:00","dateModified":"2026-04-30T15:03:00+00:00","mainEntityOfPage":{"@id":"https:\/\/cit.upc.edu\/ca\/cit-upc-present-en-lacte-del-30e-aniversari-de-fedit\/"},"wordCount":322,"publisher":{"@id":"https:\/\/cit.upc.edu\/es\/#organization"},"image":{"@id":"https:\/\/cit.upc.edu\/ca\/cit-upc-present-en-lacte-del-30e-aniversari-de-fedit\/#primaryimage"},"thumbnailUrl":"https:\/\/cit.upc.edu\/wp-content\/uploads\/2026\/04\/30-Aniversario-Fedit.png","articleSection":["Not\u00edcia"],"inLanguage":"ca"},{"@type":"WebPage","@id":"https:\/\/cit.upc.edu\/ca\/cit-upc-present-en-lacte-del-30e-aniversari-de-fedit\/","url":"https:\/\/cit.upc.edu\/ca\/cit-upc-present-en-lacte-del-30e-aniversari-de-fedit\/","name":"CIT UPC, present en l'acte del 30\u00e8 aniversari de FeditCIT UPC, present en l'acte del 30\u00e8 aniversari de Fedit - CIT UPC","isPartOf":{"@id":"https:\/\/cit.upc.edu\/es\/#website"},"primaryImageOfPage":{"@id":"https:\/\/cit.upc.edu\/ca\/cit-upc-present-en-lacte-del-30e-aniversari-de-fedit\/#primaryimage"},"image":{"@id":"https:\/\/cit.upc.edu\/ca\/cit-upc-present-en-lacte-del-30e-aniversari-de-fedit\/#primaryimage"},"thumbnailUrl":"https:\/\/cit.upc.edu\/wp-content\/uploads\/2026\/04\/30-Aniversario-Fedit.png","datePublished":"2026-04-30T09:00:00+00:00","dateModified":"2026-04-30T15:03:00+00:00","description":"El Centre d\u2019Innovaci\u00f3 i Tecnologia de la Universitat Polit\u00e8cnica de Catalunya - BarcelonaTech (UPC), CIT UPC, ha estat present, com a membre colaborador de la Federaci\u00f3 Espanyola de Centres Tecnol\u00f2gics (Fedit), en la presentaci\u00f3 de l\u2019estudi \u201cValor i impacte econ\u00f2mic dels Centres Tecnol\u00f2gics Fedit\u201d, en el marc de l\u2019acte commemoratiu del 30\u00e8 aniversari de la Federaci\u00f3, que ha tingut lloc el 29 d\u2019abril a Madrid.","breadcrumb":{"@id":"https:\/\/cit.upc.edu\/ca\/cit-upc-present-en-lacte-del-30e-aniversari-de-fedit\/#breadcrumb"},"inLanguage":"ca","potentialAction":[{"@type":"ReadAction","target":["https:\/\/cit.upc.edu\/ca\/cit-upc-present-en-lacte-del-30e-aniversari-de-fedit\/"]}]},{"@type":"ImageObject","inLanguage":"ca","@id":"https:\/\/cit.upc.edu\/ca\/cit-upc-present-en-lacte-del-30e-aniversari-de-fedit\/#primaryimage","url":"https:\/\/cit.upc.edu\/wp-content\/uploads\/2026\/04\/30-Aniversario-Fedit.png","contentUrl":"https:\/\/cit.upc.edu\/wp-content\/uploads\/2026\/04\/30-Aniversario-Fedit.png","width":700,"height":526,"caption":"30 Aniversario Fedit"},{"@type":"BreadcrumbList","@id":"https:\/\/cit.upc.edu\/ca\/cit-upc-present-en-lacte-del-30e-aniversari-de-fedit\/#breadcrumb","itemListElement":[{"@type":"ListItem","position":1,"name":"Portada","item":"https:\/\/cit.upc.edu\/ca\/"},{"@type":"ListItem","position":2,"name":"CIT UPC, present en l&#8217;acte del 30\u00e8 aniversari de Fedit"}]},{"@type":"WebSite","@id":"https:\/\/cit.upc.edu\/es\/#website","url":"https:\/\/cit.upc.edu\/es\/","name":"CIT UPC","description":"UPC Technology Center","publisher":{"@id":"https:\/\/cit.upc.edu\/es\/#organization"},"potentialAction":[{"@type":"SearchAction","target":{"@type":"EntryPoint","urlTemplate":"https:\/\/cit.upc.edu\/es\/?s={search_term_string}"},"query-input":{"@type":"PropertyValueSpecification","valueRequired":true,"valueName":"search_term_string"}}],"inLanguage":"ca"},{"@type":"Organization","@id":"https:\/\/cit.upc.edu\/es\/#organization","name":"CIT UPC - UPC Technology Center","url":"https:\/\/cit.upc.edu\/es\/","logo":{"@type":"ImageObject","inLanguage":"ca","@id":"https:\/\/cit.upc.edu\/es\/#\/schema\/logo\/image\/","url":"https:\/\/cit.upc.edu\/wp-content\/uploads\/2020\/04\/cropped-logo_positiu_horitzontal_2020_espanol.png","contentUrl":"https:\/\/cit.upc.edu\/wp-content\/uploads\/2020\/04\/cropped-logo_positiu_horitzontal_2020_espanol.png","width":512,"height":512,"caption":"CIT UPC - UPC Technology Center"},"image":{"@id":"https:\/\/cit.upc.edu\/es\/#\/schema\/logo\/image\/"},"sameAs":["https:\/\/www.facebook.com\/cit.upc","https:\/\/x.com\/CIT_UPC","https:\/\/www.youtube.com\/user\/CITUPC","https:\/\/www.flickr.com\/photos\/181927091@N08","https:\/\/www.linkedin.com\/company\/cit-upc\/","https:\/\/www.instagram.com\/cit_upc\/"]},{"@type":"Person","@id":"https:\/\/cit.upc.edu\/es\/#\/schema\/person\/9699f82f1a653c8a17baa3fbdf70c6b3","name":"CIT UPC","image":{"@type":"ImageObject","inLanguage":"ca","@id":"https:\/\/secure.gravatar.com\/avatar\/773f33de263f3e24e13d0ac15062b5603e70036ec7f634846fb6363f44574610?s=96&d=mm&r=g","url":"https:\/\/secure.gravatar.com\/avatar\/773f33de263f3e24e13d0ac15062b5603e70036ec7f634846fb6363f44574610?s=96&d=mm&r=g","contentUrl":"https:\/\/secure.gravatar.com\/avatar\/773f33de263f3e24e13d0ac15062b5603e70036ec7f634846fb6363f44574610?s=96&d=mm&r=g","caption":"CIT UPC"},"url":"https:\/\/cit.upc.edu\/ca\/author\/cit-upc\/"}]}},"_links":{"self":[{"href":"https:\/\/cit.upc.edu\/ca\/wp-json\/wp\/v2\/posts\/31334","targetHints":{"allow":["GET"]}}],"collection":[{"href":"https:\/\/cit.upc.edu\/ca\/wp-json\/wp\/v2\/posts"}],"about":[{"href":"https:\/\/cit.upc.edu\/ca\/wp-json\/wp\/v2\/types\/post"}],"author":[{"embeddable":true,"href":"https:\/\/cit.upc.edu\/ca\/wp-json\/wp\/v2\/users\/5"}],"replies":[{"embeddable":true,"href":"https:\/\/cit.upc.edu\/ca\/wp-json\/wp\/v2\/comments?post=31334"}],"version-history":[{"count":3,"href":"https:\/\/cit.upc.edu\/ca\/wp-json\/wp\/v2\/posts\/31334\/revisions"}],"predecessor-version":[{"id":31367,"href":"https:\/\/cit.upc.edu\/ca\/wp-json\/wp\/v2\/posts\/31334\/revisions\/31367"}],"wp:featuredmedia":[{"embeddable":true,"href":"https:\/\/cit.upc.edu\/ca\/wp-json\/wp\/v2\/media\/31324"}],"wp:attachment":[{"href":"https:\/\/cit.upc.edu\/ca\/wp-json\/wp\/v2\/media?parent=31334"}],"wp:term":[{"taxonomy":"category","embeddable":true,"href":"https:\/\/cit.upc.edu\/ca\/wp-json\/wp\/v2\/categories?post=31334"},{"taxonomy":"post_tag","embeddable":true,"href":"https:\/\/cit.upc.edu\/ca\/wp-json\/wp\/v2\/tags?post=31334"}],"curies":[{"name":"wp","href":"https:\/\/api.w.org\/{rel}","templated":true}]}}