{"id":7508,"date":"2020-10-01T14:30:59","date_gmt":"2020-10-01T14:30:59","guid":{"rendered":"https:\/\/cit.upc.edu\/actphast4_0\/"},"modified":"2024-11-19T08:19:24","modified_gmt":"2024-11-19T08:19:24","slug":"actphast4_0","status":"publish","type":"post","link":"https:\/\/cit.upc.edu\/ca\/actphast4_0\/","title":{"rendered":"Acceleraci\u00f3 de projectes en l\u2019\u00e0mbit de la fot\u00f2nica per a empreses"},"content":{"rendered":"\n<p>El Centre de Desenvolupament de Sistemes i Instrumentaci\u00f3 (<a target=\"_blank\" rel=\"noreferrer noopener\" target=\"_blank\" href=\"http:\/\/www.cd6.upc.edu\/\" target=\"_blank\">CD6 UPC<\/a>) participa com a&nbsp;<em>partner<\/em>&nbsp;en el projecte europeu ACTPHAST4.0 (<strong>AC<\/strong>celeraTing&nbsp;<strong>PH<\/strong>otonics innov<strong>A<\/strong>tion for SME\u2019s: a one&nbsp;<strong>ST<\/strong>op-shop-incubator).&nbsp;<strong>ACTPHAST4.0&nbsp;\u00e9s una plataforma que recolza i accelera la capacitat d\u2019innovaci\u00f3 de les empreses europees proporcionant-les acc\u00e9s directe a l\u2019expertesa, a l\u2019estat de l\u2019art i a les infraestructures dels centres tecnol\u00f2gics l\u00edders a Europa (anomenats &#8216;partners d\u2019ACTPHAST4.0&#8217;), amb l\u2019objectiu d\u2019ajudar a les empreses a explotar el potencial comercial de la fot\u00f2nica aplicada.<\/strong><\/p>\n\n\n\n<div class=\"wp-block-image is-style-default\"><figure class=\"aligncenter size-large\"><img loading=\"lazy\" decoding=\"async\" width=\"600\" height=\"400\" src=\"https:\/\/cit.upc.edu\/wp-content\/uploads\/2020\/10\/ACTPHAST40.png\" alt=\"\" class=\"wp-image-7632\" srcset=\"https:\/\/cit.upc.edu\/wp-content\/uploads\/2020\/10\/ACTPHAST40.png 600w, https:\/\/cit.upc.edu\/wp-content\/uploads\/2020\/10\/ACTPHAST40-300x200.png 300w, https:\/\/cit.upc.edu\/wp-content\/uploads\/2020\/10\/ACTPHAST40-219x146.png 219w, https:\/\/cit.upc.edu\/wp-content\/uploads\/2020\/10\/ACTPHAST40-50x33.png 50w, https:\/\/cit.upc.edu\/wp-content\/uploads\/2020\/10\/ACTPHAST40-113x75.png 113w\" sizes=\"auto, (max-width:767px) 480px, 600px\" \/><\/figure><\/div>\n\n\n\n<p>ACTPHAST4.0 opera com una convocat\u00f2ria oberta a totes les empreses europees (grans i petites, tot i que est\u00e0 especialment orientat a les pimes), donant suport en els processos d\u2019innovaci\u00f3 amb impacte en una gran varietat de sectors industrials. Els principals \u00e0mbits d&#8217;aplicaci\u00f3 s\u00f3n, entre d\u2019altres, la producci\u00f3 avan\u00e7ada (ind\u00fastria 4.0), l\u2019automoci\u00f3, la ind\u00fastria aeroespacial, l\u2019energia i el medi ambient, les ci\u00e8ncies de la vida i la salut, la seguretat, la metrologia i els sensors i la visualitzaci\u00f3 i displays.<\/p>\n\n\n\n<p><strong>Com poden accedir-hi les empreses?<\/strong><\/p>\n\n\n\n<p>L&#8217;acc\u00e9s a experts i partners tecnol\u00f2gics disponibles dintre d\u2019ACTPHAST4.0 s\u2019articula a trav\u00e9s de propostes de projectes d&#8217;innovaci\u00f3 a realitzar en terminis relativament curts (entre 6 i 9 mesos) presentades per les empreses.<\/p>\n\n\n\n<p>ACTPHAST4.0 contribueix a la reducci\u00f3 del risc associat a projectes d\u2019innovaci\u00f3 gr\u00e0cies a un instrument propi de finan\u00e7ament. El suport econ\u00f2mic es basa en finan\u00e7ar les tasques que els partners ACTPHAST4.0 realitzen per a l\u2019empresa. Els projectes s\u2019estructuren en dos trams: un primer tram d\u2019estudis de viabilitat o disseny conceptual que pot ser fins a 30000 \u20ac subvencionats al 100%, i un segon tram en el que la subvenci\u00f3 \u00e9s del 75%. A partir del moment de la producci\u00f3 a gran escala, la subvenci\u00f3 \u00e9s del 50% per a tots els costos del projecte. En el cas de la UPC, la relaci\u00f3 entre l\u2019empresa i el partner d\u2019ACTPHAST4.0 s\u2019articula a trav\u00e9s d\u2019un contracte d\u2019R+D est\u00e0ndard.<\/p>\n\n\n\n<p>Addicionalment, el suport tecnol\u00f2gic que ofereix ACTPHAST4.0 es complementa amb experts en l\u2019\u00e0rea de negoci i finances per a ajudar a que les activitats d&#8217;innovaci\u00f3 tinguin una s\u00f2lida orientaci\u00f3 a mercat.<\/p>\n\n\n\n<p><strong>Les empreses interessades poden contactar amb:<\/strong><\/p>\n\n\n\n<p>Jordi Mart\u00edn<\/p>\n\n\n\n<p>Mail: <a target=\"_blank\" target=\"_blank\" href=\"mailto:j.martin@upc.edu\">j.martin@upc.edu<\/a><\/p>\n\n\n\n<p>Telefon: <a target=\"_blank\" target=\"_blank\" href=\"telf:934054690\">93 405 46 90<\/a><\/p>\n","protected":false},"excerpt":{"rendered":"<p>El Centre de Desenvolupament de Sistemes i Instrumentaci\u00f3 (CD6 UPC) participa com a&nbsp;partner&nbsp;en el projecte europeu ACTPHAST4.0 (ACceleraTing&nbsp;PHotonics innovAtion for SME\u2019s: a one&nbsp;STop-shop-incubator).&nbsp;ACTPHAST4.0&nbsp;\u00e9s una plataforma que<span class=\"excerpt-hellip\"> [\u2026]<\/span><\/p>\n","protected":false},"author":5,"featured_media":7632,"comment_status":"open","ping_status":"open","sticky":false,"template":"","format":"standard","meta":{"footnotes":""},"categories":[1],"tags":[],"class_list":["post-7508","post","type-post","status-publish","format-standard","has-post-thumbnail","hentry","category-sin-categorizar"],"yoast_head":"<!-- This site is optimized with the Yoast SEO plugin v27.5 - https:\/\/yoast.com\/product\/yoast-seo-wordpress\/ -->\n<title>Acceleraci\u00f3 de projectes en l\u2019\u00e0mbit de la fot\u00f2nica per a empreses - CIT UPC<\/title>\n<meta name=\"robots\" content=\"index, follow, max-snippet:-1, max-image-preview:large, max-video-preview:-1\" \/>\n<link rel=\"canonical\" href=\"https:\/\/cit.upc.edu\/ca\/actphast4_0\/\" \/>\n<meta property=\"og:locale\" content=\"ca_ES\" \/>\n<meta property=\"og:type\" content=\"article\" \/>\n<meta property=\"og:title\" content=\"Acceleraci\u00f3 de projectes en l\u2019\u00e0mbit de la fot\u00f2nica per a empreses - CIT UPC\" \/>\n<meta property=\"og:description\" content=\"El Centre de Desenvolupament de Sistemes i Instrumentaci\u00f3 (CD6 UPC) participa com a&nbsp;partner&nbsp;en el projecte europeu ACTPHAST4.0 (ACceleraTing&nbsp;PHotonics innovAtion for SME\u2019s: a one&nbsp;STop-shop-incubator).&nbsp;ACTPHAST4.0&nbsp;\u00e9s una plataforma que [\u2026]\" \/>\n<meta property=\"og:url\" content=\"https:\/\/cit.upc.edu\/ca\/actphast4_0\/\" \/>\n<meta property=\"og:site_name\" content=\"CIT UPC\" \/>\n<meta property=\"article:publisher\" content=\"https:\/\/www.facebook.com\/cit.upc\" \/>\n<meta property=\"article:published_time\" content=\"2020-10-01T14:30:59+00:00\" \/>\n<meta property=\"article:modified_time\" content=\"2024-11-19T08:19:24+00:00\" \/>\n<meta property=\"og:image\" content=\"https:\/\/cit.upc.edu\/wp-content\/uploads\/2020\/10\/ACTPHAST40.png\" \/>\n\t<meta property=\"og:image:width\" content=\"600\" \/>\n\t<meta property=\"og:image:height\" content=\"400\" \/>\n\t<meta property=\"og:image:type\" content=\"image\/png\" \/>\n<meta name=\"author\" content=\"CIT UPC\" \/>\n<meta name=\"twitter:card\" content=\"summary_large_image\" \/>\n<meta name=\"twitter:creator\" content=\"@CIT_UPC\" \/>\n<meta name=\"twitter:site\" content=\"@CIT_UPC\" \/>\n<meta name=\"twitter:label1\" content=\"Escrit per\" \/>\n\t<meta name=\"twitter:data1\" content=\"CIT UPC\" \/>\n\t<meta name=\"twitter:label2\" content=\"Temps estimat de lectura\" \/>\n\t<meta name=\"twitter:data2\" content=\"2 minuts\" \/>\n<script type=\"application\/ld+json\" class=\"yoast-schema-graph\">{\"@context\":\"https:\\\/\\\/schema.org\",\"@graph\":[{\"@type\":\"Article\",\"@id\":\"https:\\\/\\\/cit.upc.edu\\\/ca\\\/actphast4_0\\\/#article\",\"isPartOf\":{\"@id\":\"https:\\\/\\\/cit.upc.edu\\\/ca\\\/actphast4_0\\\/\"},\"author\":{\"name\":\"CIT UPC\",\"@id\":\"https:\\\/\\\/cit.upc.edu\\\/es\\\/#\\\/schema\\\/person\\\/9699f82f1a653c8a17baa3fbdf70c6b3\"},\"headline\":\"Acceleraci\u00f3 de projectes en l\u2019\u00e0mbit de la fot\u00f2nica per a empreses\",\"datePublished\":\"2020-10-01T14:30:59+00:00\",\"dateModified\":\"2024-11-19T08:19:24+00:00\",\"mainEntityOfPage\":{\"@id\":\"https:\\\/\\\/cit.upc.edu\\\/ca\\\/actphast4_0\\\/\"},\"wordCount\":417,\"commentCount\":0,\"publisher\":{\"@id\":\"https:\\\/\\\/cit.upc.edu\\\/es\\\/#organization\"},\"image\":{\"@id\":\"https:\\\/\\\/cit.upc.edu\\\/ca\\\/actphast4_0\\\/#primaryimage\"},\"thumbnailUrl\":\"https:\\\/\\\/cit.upc.edu\\\/wp-content\\\/uploads\\\/2020\\\/10\\\/ACTPHAST40.png\",\"articleSection\":[\"Sin categorizar\"],\"inLanguage\":\"ca\",\"potentialAction\":[{\"@type\":\"CommentAction\",\"name\":\"Comment\",\"target\":[\"https:\\\/\\\/cit.upc.edu\\\/ca\\\/actphast4_0\\\/#respond\"]}]},{\"@type\":\"WebPage\",\"@id\":\"https:\\\/\\\/cit.upc.edu\\\/ca\\\/actphast4_0\\\/\",\"url\":\"https:\\\/\\\/cit.upc.edu\\\/ca\\\/actphast4_0\\\/\",\"name\":\"Acceleraci\u00f3 de projectes en l\u2019\u00e0mbit de la fot\u00f2nica per a empreses - CIT UPC\",\"isPartOf\":{\"@id\":\"https:\\\/\\\/cit.upc.edu\\\/es\\\/#website\"},\"primaryImageOfPage\":{\"@id\":\"https:\\\/\\\/cit.upc.edu\\\/ca\\\/actphast4_0\\\/#primaryimage\"},\"image\":{\"@id\":\"https:\\\/\\\/cit.upc.edu\\\/ca\\\/actphast4_0\\\/#primaryimage\"},\"thumbnailUrl\":\"https:\\\/\\\/cit.upc.edu\\\/wp-content\\\/uploads\\\/2020\\\/10\\\/ACTPHAST40.png\",\"datePublished\":\"2020-10-01T14:30:59+00:00\",\"dateModified\":\"2024-11-19T08:19:24+00:00\",\"breadcrumb\":{\"@id\":\"https:\\\/\\\/cit.upc.edu\\\/ca\\\/actphast4_0\\\/#breadcrumb\"},\"inLanguage\":\"ca\",\"potentialAction\":[{\"@type\":\"ReadAction\",\"target\":[\"https:\\\/\\\/cit.upc.edu\\\/ca\\\/actphast4_0\\\/\"]}]},{\"@type\":\"ImageObject\",\"inLanguage\":\"ca\",\"@id\":\"https:\\\/\\\/cit.upc.edu\\\/ca\\\/actphast4_0\\\/#primaryimage\",\"url\":\"https:\\\/\\\/cit.upc.edu\\\/wp-content\\\/uploads\\\/2020\\\/10\\\/ACTPHAST40.png\",\"contentUrl\":\"https:\\\/\\\/cit.upc.edu\\\/wp-content\\\/uploads\\\/2020\\\/10\\\/ACTPHAST40.png\",\"width\":600,\"height\":400},{\"@type\":\"BreadcrumbList\",\"@id\":\"https:\\\/\\\/cit.upc.edu\\\/ca\\\/actphast4_0\\\/#breadcrumb\",\"itemListElement\":[{\"@type\":\"ListItem\",\"position\":1,\"name\":\"Portada\",\"item\":\"https:\\\/\\\/cit.upc.edu\\\/ca\\\/\"},{\"@type\":\"ListItem\",\"position\":2,\"name\":\"Acceleraci\u00f3 de projectes en l\u2019\u00e0mbit de la fot\u00f2nica per a empreses\"}]},{\"@type\":\"WebSite\",\"@id\":\"https:\\\/\\\/cit.upc.edu\\\/es\\\/#website\",\"url\":\"https:\\\/\\\/cit.upc.edu\\\/es\\\/\",\"name\":\"CIT UPC\",\"description\":\"UPC Technology Center\",\"publisher\":{\"@id\":\"https:\\\/\\\/cit.upc.edu\\\/es\\\/#organization\"},\"potentialAction\":[{\"@type\":\"SearchAction\",\"target\":{\"@type\":\"EntryPoint\",\"urlTemplate\":\"https:\\\/\\\/cit.upc.edu\\\/es\\\/?s={search_term_string}\"},\"query-input\":{\"@type\":\"PropertyValueSpecification\",\"valueRequired\":true,\"valueName\":\"search_term_string\"}}],\"inLanguage\":\"ca\"},{\"@type\":\"Organization\",\"@id\":\"https:\\\/\\\/cit.upc.edu\\\/es\\\/#organization\",\"name\":\"CIT UPC - UPC Technology Center\",\"url\":\"https:\\\/\\\/cit.upc.edu\\\/es\\\/\",\"logo\":{\"@type\":\"ImageObject\",\"inLanguage\":\"ca\",\"@id\":\"https:\\\/\\\/cit.upc.edu\\\/es\\\/#\\\/schema\\\/logo\\\/image\\\/\",\"url\":\"https:\\\/\\\/cit.upc.edu\\\/wp-content\\\/uploads\\\/2020\\\/04\\\/cropped-logo_positiu_horitzontal_2020_espanol.png\",\"contentUrl\":\"https:\\\/\\\/cit.upc.edu\\\/wp-content\\\/uploads\\\/2020\\\/04\\\/cropped-logo_positiu_horitzontal_2020_espanol.png\",\"width\":512,\"height\":512,\"caption\":\"CIT UPC - UPC Technology Center\"},\"image\":{\"@id\":\"https:\\\/\\\/cit.upc.edu\\\/es\\\/#\\\/schema\\\/logo\\\/image\\\/\"},\"sameAs\":[\"https:\\\/\\\/www.facebook.com\\\/cit.upc\",\"https:\\\/\\\/x.com\\\/CIT_UPC\",\"https:\\\/\\\/www.youtube.com\\\/user\\\/CITUPC\",\"https:\\\/\\\/www.flickr.com\\\/photos\\\/181927091@N08\",\"https:\\\/\\\/www.linkedin.com\\\/company\\\/cit-upc\\\/\",\"https:\\\/\\\/www.instagram.com\\\/cit_upc\\\/\"]},{\"@type\":\"Person\",\"@id\":\"https:\\\/\\\/cit.upc.edu\\\/es\\\/#\\\/schema\\\/person\\\/9699f82f1a653c8a17baa3fbdf70c6b3\",\"name\":\"CIT UPC\",\"image\":{\"@type\":\"ImageObject\",\"inLanguage\":\"ca\",\"@id\":\"https:\\\/\\\/secure.gravatar.com\\\/avatar\\\/773f33de263f3e24e13d0ac15062b5603e70036ec7f634846fb6363f44574610?s=96&d=mm&r=g\",\"url\":\"https:\\\/\\\/secure.gravatar.com\\\/avatar\\\/773f33de263f3e24e13d0ac15062b5603e70036ec7f634846fb6363f44574610?s=96&d=mm&r=g\",\"contentUrl\":\"https:\\\/\\\/secure.gravatar.com\\\/avatar\\\/773f33de263f3e24e13d0ac15062b5603e70036ec7f634846fb6363f44574610?s=96&d=mm&r=g\",\"caption\":\"CIT UPC\"},\"url\":\"https:\\\/\\\/cit.upc.edu\\\/ca\\\/author\\\/cit-upc\\\/\"}]}<\/script>\n<!-- \/ Yoast SEO plugin. -->","yoast_head_json":{"title":"Acceleraci\u00f3 de projectes en l\u2019\u00e0mbit de la fot\u00f2nica per a empreses - CIT UPC","robots":{"index":"index","follow":"follow","max-snippet":"max-snippet:-1","max-image-preview":"max-image-preview:large","max-video-preview":"max-video-preview:-1"},"canonical":"https:\/\/cit.upc.edu\/ca\/actphast4_0\/","og_locale":"ca_ES","og_type":"article","og_title":"Acceleraci\u00f3 de projectes en l\u2019\u00e0mbit de la fot\u00f2nica per a empreses - CIT UPC","og_description":"El Centre de Desenvolupament de Sistemes i Instrumentaci\u00f3 (CD6 UPC) participa com a&nbsp;partner&nbsp;en el projecte europeu ACTPHAST4.0 (ACceleraTing&nbsp;PHotonics innovAtion for SME\u2019s: a one&nbsp;STop-shop-incubator).&nbsp;ACTPHAST4.0&nbsp;\u00e9s una plataforma que [\u2026]","og_url":"https:\/\/cit.upc.edu\/ca\/actphast4_0\/","og_site_name":"CIT UPC","article_publisher":"https:\/\/www.facebook.com\/cit.upc","article_published_time":"2020-10-01T14:30:59+00:00","article_modified_time":"2024-11-19T08:19:24+00:00","og_image":[{"width":600,"height":400,"url":"https:\/\/cit.upc.edu\/wp-content\/uploads\/2020\/10\/ACTPHAST40.png","type":"image\/png"}],"author":"CIT UPC","twitter_card":"summary_large_image","twitter_creator":"@CIT_UPC","twitter_site":"@CIT_UPC","twitter_misc":{"Escrit per":"CIT UPC","Temps estimat de lectura":"2 minuts"},"schema":{"@context":"https:\/\/schema.org","@graph":[{"@type":"Article","@id":"https:\/\/cit.upc.edu\/ca\/actphast4_0\/#article","isPartOf":{"@id":"https:\/\/cit.upc.edu\/ca\/actphast4_0\/"},"author":{"name":"CIT UPC","@id":"https:\/\/cit.upc.edu\/es\/#\/schema\/person\/9699f82f1a653c8a17baa3fbdf70c6b3"},"headline":"Acceleraci\u00f3 de projectes en l\u2019\u00e0mbit de la fot\u00f2nica per a empreses","datePublished":"2020-10-01T14:30:59+00:00","dateModified":"2024-11-19T08:19:24+00:00","mainEntityOfPage":{"@id":"https:\/\/cit.upc.edu\/ca\/actphast4_0\/"},"wordCount":417,"commentCount":0,"publisher":{"@id":"https:\/\/cit.upc.edu\/es\/#organization"},"image":{"@id":"https:\/\/cit.upc.edu\/ca\/actphast4_0\/#primaryimage"},"thumbnailUrl":"https:\/\/cit.upc.edu\/wp-content\/uploads\/2020\/10\/ACTPHAST40.png","articleSection":["Sin categorizar"],"inLanguage":"ca","potentialAction":[{"@type":"CommentAction","name":"Comment","target":["https:\/\/cit.upc.edu\/ca\/actphast4_0\/#respond"]}]},{"@type":"WebPage","@id":"https:\/\/cit.upc.edu\/ca\/actphast4_0\/","url":"https:\/\/cit.upc.edu\/ca\/actphast4_0\/","name":"Acceleraci\u00f3 de projectes en l\u2019\u00e0mbit de la fot\u00f2nica per a empreses - CIT UPC","isPartOf":{"@id":"https:\/\/cit.upc.edu\/es\/#website"},"primaryImageOfPage":{"@id":"https:\/\/cit.upc.edu\/ca\/actphast4_0\/#primaryimage"},"image":{"@id":"https:\/\/cit.upc.edu\/ca\/actphast4_0\/#primaryimage"},"thumbnailUrl":"https:\/\/cit.upc.edu\/wp-content\/uploads\/2020\/10\/ACTPHAST40.png","datePublished":"2020-10-01T14:30:59+00:00","dateModified":"2024-11-19T08:19:24+00:00","breadcrumb":{"@id":"https:\/\/cit.upc.edu\/ca\/actphast4_0\/#breadcrumb"},"inLanguage":"ca","potentialAction":[{"@type":"ReadAction","target":["https:\/\/cit.upc.edu\/ca\/actphast4_0\/"]}]},{"@type":"ImageObject","inLanguage":"ca","@id":"https:\/\/cit.upc.edu\/ca\/actphast4_0\/#primaryimage","url":"https:\/\/cit.upc.edu\/wp-content\/uploads\/2020\/10\/ACTPHAST40.png","contentUrl":"https:\/\/cit.upc.edu\/wp-content\/uploads\/2020\/10\/ACTPHAST40.png","width":600,"height":400},{"@type":"BreadcrumbList","@id":"https:\/\/cit.upc.edu\/ca\/actphast4_0\/#breadcrumb","itemListElement":[{"@type":"ListItem","position":1,"name":"Portada","item":"https:\/\/cit.upc.edu\/ca\/"},{"@type":"ListItem","position":2,"name":"Acceleraci\u00f3 de projectes en l\u2019\u00e0mbit de la fot\u00f2nica per a empreses"}]},{"@type":"WebSite","@id":"https:\/\/cit.upc.edu\/es\/#website","url":"https:\/\/cit.upc.edu\/es\/","name":"CIT UPC","description":"UPC Technology Center","publisher":{"@id":"https:\/\/cit.upc.edu\/es\/#organization"},"potentialAction":[{"@type":"SearchAction","target":{"@type":"EntryPoint","urlTemplate":"https:\/\/cit.upc.edu\/es\/?s={search_term_string}"},"query-input":{"@type":"PropertyValueSpecification","valueRequired":true,"valueName":"search_term_string"}}],"inLanguage":"ca"},{"@type":"Organization","@id":"https:\/\/cit.upc.edu\/es\/#organization","name":"CIT UPC - UPC Technology Center","url":"https:\/\/cit.upc.edu\/es\/","logo":{"@type":"ImageObject","inLanguage":"ca","@id":"https:\/\/cit.upc.edu\/es\/#\/schema\/logo\/image\/","url":"https:\/\/cit.upc.edu\/wp-content\/uploads\/2020\/04\/cropped-logo_positiu_horitzontal_2020_espanol.png","contentUrl":"https:\/\/cit.upc.edu\/wp-content\/uploads\/2020\/04\/cropped-logo_positiu_horitzontal_2020_espanol.png","width":512,"height":512,"caption":"CIT UPC - UPC Technology Center"},"image":{"@id":"https:\/\/cit.upc.edu\/es\/#\/schema\/logo\/image\/"},"sameAs":["https:\/\/www.facebook.com\/cit.upc","https:\/\/x.com\/CIT_UPC","https:\/\/www.youtube.com\/user\/CITUPC","https:\/\/www.flickr.com\/photos\/181927091@N08","https:\/\/www.linkedin.com\/company\/cit-upc\/","https:\/\/www.instagram.com\/cit_upc\/"]},{"@type":"Person","@id":"https:\/\/cit.upc.edu\/es\/#\/schema\/person\/9699f82f1a653c8a17baa3fbdf70c6b3","name":"CIT UPC","image":{"@type":"ImageObject","inLanguage":"ca","@id":"https:\/\/secure.gravatar.com\/avatar\/773f33de263f3e24e13d0ac15062b5603e70036ec7f634846fb6363f44574610?s=96&d=mm&r=g","url":"https:\/\/secure.gravatar.com\/avatar\/773f33de263f3e24e13d0ac15062b5603e70036ec7f634846fb6363f44574610?s=96&d=mm&r=g","contentUrl":"https:\/\/secure.gravatar.com\/avatar\/773f33de263f3e24e13d0ac15062b5603e70036ec7f634846fb6363f44574610?s=96&d=mm&r=g","caption":"CIT UPC"},"url":"https:\/\/cit.upc.edu\/ca\/author\/cit-upc\/"}]}},"_links":{"self":[{"href":"https:\/\/cit.upc.edu\/ca\/wp-json\/wp\/v2\/posts\/7508","targetHints":{"allow":["GET"]}}],"collection":[{"href":"https:\/\/cit.upc.edu\/ca\/wp-json\/wp\/v2\/posts"}],"about":[{"href":"https:\/\/cit.upc.edu\/ca\/wp-json\/wp\/v2\/types\/post"}],"author":[{"embeddable":true,"href":"https:\/\/cit.upc.edu\/ca\/wp-json\/wp\/v2\/users\/5"}],"replies":[{"embeddable":true,"href":"https:\/\/cit.upc.edu\/ca\/wp-json\/wp\/v2\/comments?post=7508"}],"version-history":[{"count":4,"href":"https:\/\/cit.upc.edu\/ca\/wp-json\/wp\/v2\/posts\/7508\/revisions"}],"predecessor-version":[{"id":26557,"href":"https:\/\/cit.upc.edu\/ca\/wp-json\/wp\/v2\/posts\/7508\/revisions\/26557"}],"wp:featuredmedia":[{"embeddable":true,"href":"https:\/\/cit.upc.edu\/ca\/wp-json\/wp\/v2\/media\/7632"}],"wp:attachment":[{"href":"https:\/\/cit.upc.edu\/ca\/wp-json\/wp\/v2\/media?parent=7508"}],"wp:term":[{"taxonomy":"category","embeddable":true,"href":"https:\/\/cit.upc.edu\/ca\/wp-json\/wp\/v2\/categories?post=7508"},{"taxonomy":"post_tag","embeddable":true,"href":"https:\/\/cit.upc.edu\/ca\/wp-json\/wp\/v2\/tags?post=7508"}],"curies":[{"name":"wp","href":"https:\/\/api.w.org\/{rel}","templated":true}]}}