{"id":8135,"date":"2020-11-03T12:04:24","date_gmt":"2020-11-03T12:04:24","guid":{"rendered":"https:\/\/cit.upc.edu\/?p=8135"},"modified":"2021-05-19T14:48:43","modified_gmt":"2021-05-19T14:48:43","slug":"seminari-experts-mascareta","status":"publish","type":"post","link":"https:\/\/cit.upc.edu\/ca\/seminari-experts-mascareta\/","title":{"rendered":"Seminari amb Experts. Per qu\u00e8 augmenten tant els contagis si tots fem servir mascareta? Existeix la mascareta id\u00f2nia?"},"content":{"rendered":"\n<p class=\"has-text-align-right\">3\/11\/2020<\/p>\n\n\n\n<p>Enmig d&#8217;una pand\u00e8mia sense precedents, en un pa\u00eds tan afectat com el nostre, sovint ens preguntem: <strong>Per qu\u00e8 augmenten tant els contagis si tots fem servir mascareta?<\/strong> I a continuaci\u00f3 sorgeix inevitablement una altra pregunta clau: <strong>Existeix la mascareta id\u00f2nia?<\/strong><\/p>\n\n\n\n<p>En aquest nou Seminari amb Experts, a iniciativa de <a target=\"_blank\" rel=\"noreferrer noopener\" target=\"_blank\" href=\"https:\/\/www.railgrup.net\/\" target=\"_blank\">Railgrup<\/a> i coorganitzat per <strong>CIT UPC,<\/strong> intentarem respondre a les dues preguntes de la m\u00e0 de dos investigadors de gran prestigi en les mat\u00e8ries.<\/p>\n\n\n\n<div class=\"wp-block-image\"><figure class=\"aligncenter size-large is-resized\"><img loading=\"lazy\" decoding=\"async\" src=\"https:\/\/cit.upc.edu\/wp-content\/uploads\/2020\/10\/Seminario_Expertos_Mascarillas-1024x1024.png\" alt=\"\" class=\"wp-image-8131\" width=\"324\" height=\"324\" srcset=\"https:\/\/cit.upc.edu\/wp-content\/uploads\/2020\/10\/Seminario_Expertos_Mascarillas-1024x1024.png 1024w, https:\/\/cit.upc.edu\/wp-content\/uploads\/2020\/10\/Seminario_Expertos_Mascarillas-300x300.png 300w, https:\/\/cit.upc.edu\/wp-content\/uploads\/2020\/10\/Seminario_Expertos_Mascarillas-150x150.png 150w, https:\/\/cit.upc.edu\/wp-content\/uploads\/2020\/10\/Seminario_Expertos_Mascarillas-768x768.png 768w, https:\/\/cit.upc.edu\/wp-content\/uploads\/2020\/10\/Seminario_Expertos_Mascarillas-146x146.png 146w, https:\/\/cit.upc.edu\/wp-content\/uploads\/2020\/10\/Seminario_Expertos_Mascarillas-50x50.png 50w, https:\/\/cit.upc.edu\/wp-content\/uploads\/2020\/10\/Seminario_Expertos_Mascarillas-75x75.png 75w, https:\/\/cit.upc.edu\/wp-content\/uploads\/2020\/10\/Seminario_Expertos_Mascarillas-85x85.png 85w, https:\/\/cit.upc.edu\/wp-content\/uploads\/2020\/10\/Seminario_Expertos_Mascarillas-80x80.png 80w, https:\/\/cit.upc.edu\/wp-content\/uploads\/2020\/10\/Seminario_Expertos_Mascarillas.png 1080w\" sizes=\"auto, (max-width:767px) 324px, 324px\" \/><\/figure><\/div>\n\n\n\n<p>Arrencarem el Seminari amb Experts contestant a la primera pregunta de la m\u00e0 de l&#8217;investigador de la UPC, Enric \u00c1lvarez. Un recent estudi, condu\u00eft pel grup de recerca de <a target=\"_blank\" target=\"_blank\" href=\"https:\/\/biocomsc.upc.edu\/en\" target=\"_blank\" rel=\"noreferrer noopener\">Biologia Computacional i Sistemes Complexos (BIOCOM-SC)<\/a> de la UPC, ofereix respostes contundents i sorprenents al respecte. Analitzarem les conclusions de l&#8217;estudi, a m\u00e9s de valorar si realment el transport p\u00fablic podria constituir un focus de contagi important o aquest es produeix majorit\u00e0riament en altres ambients i per altres raons.<\/p>\n\n\n\n<p>A la segona part, de la m\u00e0 d&#8217;Enric Carrera, director del grup de recerca <a target=\"_blank\" target=\"_blank\" href=\"https:\/\/www.upc.edu\/intexter\/ca\" target=\"_blank\" rel=\"noreferrer noopener\">Institut d&#8217;Investigaci\u00f3 T\u00e8xtil i Cooperaci\u00f3 Industrial de Terrassa (INTEXTER)<\/a> de la UPC abordarem el tema de les mascaretes per a protecci\u00f3 de la COVID-19. Analitzarem el material de les mascaretes existents al mercat, la seva capacitat real de protecci\u00f3, la normativa, la viabilitat de fabricaci\u00f3 local, les possibles vies de reutilitzaci\u00f3 i reciclatge per a minimitzar la generaci\u00f3 de residus. Es far\u00e0 especial \u00e8mfasi dels criteris per decidir quins tipus de mascaretes podrien ser \u00f2ptims per al personal del transport p\u00fablic, extrapolables a qualsevol treballador que treballa en un entorn de contacte constant amb persones. Aix\u00ed mateix, parlarem dels possibles tractaments dels materials t\u00e8xtils en el transport p\u00fablic per lluitar contra els virus.<\/p>\n\n\n\n<p><strong>Ponents<\/strong><\/p>\n\n\n\n<p><strong>Enric \u00c1lvarez<\/strong> &#8211; Investigador de el Grup de Recerca de Biologia Computacional i Sistemes Complexos (BIOCOM-SC) de la UPC.<\/p>\n\n\n\n<p><strong>Enric Carrera<\/strong> &#8211; Director de l&#8217;Institut d&#8217;Investigaci\u00f3 T\u00e8xtil i Cooperaci\u00f3 Industrial (INTEXTER) de la UPC a Terrassa.<\/p>\n\n\n\n<p>Moderat per <strong>Ignasi G\u00f3mez-Belinch\u00f3n<\/strong><\/p>\n\n\n\n<p> <\/p>\n\n\n\n<p><strong>Data i horari<\/strong><\/p>\n\n\n\n<p>Dimecres, 11 de novembre<br><br>10h00-11h00<br><br><\/p>\n\n\n\n<p><strong>Inscripcions <a target=\"_blank\" rel=\"noreferrer noopener\" target=\"_blank\" href=\"https:\/\/app.livestorm.co\/fira-barcelona\/unprecedented-or-por-que-aumentan-tanto-los-contagios-si-todos-usamos-la-mascarilla\" target=\"_blank\">aqu\u00ed<\/a>.<\/strong><\/p>\n\n\n\n<p><\/p>\n\n\n\n<p><em>L\u2019esdeveniment ha estat cofinan\u00e7at pel Fons Europeu de Desenvolupament Regional de la Uni\u00f3 Europea en el marc Operatiu de FEDER de Catalunya 2014-2020.<\/em><\/p>\n\n\n\n<figure class=\"wp-block-image size-large\"><img loading=\"lazy\" decoding=\"async\" width=\"278\" height=\"126\" src=\"https:\/\/cit.upc.edu\/wp-content\/uploads\/2020\/10\/logos_Mesa-de-trabajo-1.png\" alt=\"\" class=\"wp-image-8345\" srcset=\"https:\/\/cit.upc.edu\/wp-content\/uploads\/2020\/10\/logos_Mesa-de-trabajo-1.png 278w, https:\/\/cit.upc.edu\/wp-content\/uploads\/2020\/10\/logos_Mesa-de-trabajo-1-260x118.png 260w, https:\/\/cit.upc.edu\/wp-content\/uploads\/2020\/10\/logos_Mesa-de-trabajo-1-50x23.png 50w, https:\/\/cit.upc.edu\/wp-content\/uploads\/2020\/10\/logos_Mesa-de-trabajo-1-150x68.png 150w\" sizes=\"auto, (max-width:767px) 278px, 278px\" \/><\/figure>\n","protected":false},"excerpt":{"rendered":"<p>3\/11\/2020 Enmig d&#8217;una pand\u00e8mia sense precedents, en un pa\u00eds tan afectat com el nostre, sovint ens preguntem: Per qu\u00e8 augmenten tant els contagis si tots fem<span class=\"excerpt-hellip\"> [\u2026]<\/span><\/p>\n","protected":false},"author":5,"featured_media":8131,"comment_status":"open","ping_status":"open","sticky":false,"template":"","format":"standard","meta":{"footnotes":""},"categories":[935,942,1],"tags":[],"class_list":["post-8135","post","type-post","status-publish","format-standard","has-post-thumbnail","hentry","category-noticia","category-noticia-ca","category-sin-categorizar"],"yoast_head":"<!-- This site is optimized with the Yoast SEO plugin v27.4 - https:\/\/yoast.com\/product\/yoast-seo-wordpress\/ -->\n<title>Seminari amb Experts. Per qu\u00e8 augmenten tant els contagis si tots fem servir mascareta? Existeix la mascareta id\u00f2nia? - CIT UPC<\/title>\n<meta name=\"description\" content=\"En el Seminari amb Experts, intentarem respondre a les dues preguntes de la m\u00e0 de dos investigadors de gran prestigi en les mat\u00e8ries.\" \/>\n<meta name=\"robots\" content=\"index, follow, max-snippet:-1, max-image-preview:large, max-video-preview:-1\" \/>\n<link rel=\"canonical\" href=\"https:\/\/cit.upc.edu\/ca\/seminari-experts-mascareta\/\" \/>\n<meta property=\"og:locale\" content=\"ca_ES\" \/>\n<meta property=\"og:type\" content=\"article\" \/>\n<meta property=\"og:title\" content=\"Seminari amb Experts. Per qu\u00e8 augmenten tant els contagis si tots fem servir mascareta? Existeix la mascareta id\u00f2nia? - CIT UPC\" \/>\n<meta property=\"og:description\" content=\"En el Seminari amb Experts, intentarem respondre a les dues preguntes de la m\u00e0 de dos investigadors de gran prestigi en les mat\u00e8ries.\" \/>\n<meta property=\"og:url\" content=\"https:\/\/cit.upc.edu\/ca\/seminari-experts-mascareta\/\" \/>\n<meta property=\"og:site_name\" content=\"CIT UPC\" \/>\n<meta property=\"article:publisher\" content=\"https:\/\/www.facebook.com\/cit.upc\" \/>\n<meta property=\"article:published_time\" content=\"2020-11-03T12:04:24+00:00\" \/>\n<meta property=\"article:modified_time\" content=\"2021-05-19T14:48:43+00:00\" \/>\n<meta property=\"og:image\" content=\"https:\/\/cit.upc.edu\/wp-content\/uploads\/2020\/10\/Seminario_Expertos_Mascarillas.png\" \/>\n\t<meta property=\"og:image:width\" content=\"1080\" \/>\n\t<meta property=\"og:image:height\" content=\"1080\" \/>\n\t<meta property=\"og:image:type\" content=\"image\/png\" \/>\n<meta name=\"author\" content=\"CIT UPC\" \/>\n<meta name=\"twitter:card\" content=\"summary_large_image\" \/>\n<meta name=\"twitter:creator\" content=\"@CIT_UPC\" \/>\n<meta name=\"twitter:site\" content=\"@CIT_UPC\" \/>\n<meta name=\"twitter:label1\" content=\"Escrit per\" \/>\n\t<meta name=\"twitter:data1\" content=\"CIT UPC\" \/>\n\t<meta name=\"twitter:label2\" content=\"Temps estimat de lectura\" \/>\n\t<meta name=\"twitter:data2\" content=\"2 minuts\" \/>\n<script type=\"application\/ld+json\" class=\"yoast-schema-graph\">{\"@context\":\"https:\\\/\\\/schema.org\",\"@graph\":[{\"@type\":\"Article\",\"@id\":\"https:\\\/\\\/cit.upc.edu\\\/ca\\\/seminari-experts-mascareta\\\/#article\",\"isPartOf\":{\"@id\":\"https:\\\/\\\/cit.upc.edu\\\/ca\\\/seminari-experts-mascareta\\\/\"},\"author\":{\"name\":\"CIT UPC\",\"@id\":\"https:\\\/\\\/cit.upc.edu\\\/es\\\/#\\\/schema\\\/person\\\/9699f82f1a653c8a17baa3fbdf70c6b3\"},\"headline\":\"Seminari amb Experts. Per qu\u00e8 augmenten tant els contagis si tots fem servir mascareta? Existeix la mascareta id\u00f2nia?\",\"datePublished\":\"2020-11-03T12:04:24+00:00\",\"dateModified\":\"2021-05-19T14:48:43+00:00\",\"mainEntityOfPage\":{\"@id\":\"https:\\\/\\\/cit.upc.edu\\\/ca\\\/seminari-experts-mascareta\\\/\"},\"wordCount\":396,\"commentCount\":0,\"publisher\":{\"@id\":\"https:\\\/\\\/cit.upc.edu\\\/es\\\/#organization\"},\"image\":{\"@id\":\"https:\\\/\\\/cit.upc.edu\\\/ca\\\/seminari-experts-mascareta\\\/#primaryimage\"},\"thumbnailUrl\":\"https:\\\/\\\/cit.upc.edu\\\/wp-content\\\/uploads\\\/2020\\\/10\\\/Seminario_Expertos_Mascarillas.png\",\"articleSection\":[\"Not\u00edcia\",\"Not\u00edcia\",\"Sin categorizar\"],\"inLanguage\":\"ca\",\"potentialAction\":[{\"@type\":\"CommentAction\",\"name\":\"Comment\",\"target\":[\"https:\\\/\\\/cit.upc.edu\\\/ca\\\/seminari-experts-mascareta\\\/#respond\"]}]},{\"@type\":\"WebPage\",\"@id\":\"https:\\\/\\\/cit.upc.edu\\\/ca\\\/seminari-experts-mascareta\\\/\",\"url\":\"https:\\\/\\\/cit.upc.edu\\\/ca\\\/seminari-experts-mascareta\\\/\",\"name\":\"Seminari amb Experts. Per qu\u00e8 augmenten tant els contagis si tots fem servir mascareta? Existeix la mascareta id\u00f2nia? - CIT UPC\",\"isPartOf\":{\"@id\":\"https:\\\/\\\/cit.upc.edu\\\/es\\\/#website\"},\"primaryImageOfPage\":{\"@id\":\"https:\\\/\\\/cit.upc.edu\\\/ca\\\/seminari-experts-mascareta\\\/#primaryimage\"},\"image\":{\"@id\":\"https:\\\/\\\/cit.upc.edu\\\/ca\\\/seminari-experts-mascareta\\\/#primaryimage\"},\"thumbnailUrl\":\"https:\\\/\\\/cit.upc.edu\\\/wp-content\\\/uploads\\\/2020\\\/10\\\/Seminario_Expertos_Mascarillas.png\",\"datePublished\":\"2020-11-03T12:04:24+00:00\",\"dateModified\":\"2021-05-19T14:48:43+00:00\",\"description\":\"En el Seminari amb Experts, intentarem respondre a les dues preguntes de la m\u00e0 de dos investigadors de gran prestigi en les mat\u00e8ries.\",\"breadcrumb\":{\"@id\":\"https:\\\/\\\/cit.upc.edu\\\/ca\\\/seminari-experts-mascareta\\\/#breadcrumb\"},\"inLanguage\":\"ca\",\"potentialAction\":[{\"@type\":\"ReadAction\",\"target\":[\"https:\\\/\\\/cit.upc.edu\\\/ca\\\/seminari-experts-mascareta\\\/\"]}]},{\"@type\":\"ImageObject\",\"inLanguage\":\"ca\",\"@id\":\"https:\\\/\\\/cit.upc.edu\\\/ca\\\/seminari-experts-mascareta\\\/#primaryimage\",\"url\":\"https:\\\/\\\/cit.upc.edu\\\/wp-content\\\/uploads\\\/2020\\\/10\\\/Seminario_Expertos_Mascarillas.png\",\"contentUrl\":\"https:\\\/\\\/cit.upc.edu\\\/wp-content\\\/uploads\\\/2020\\\/10\\\/Seminario_Expertos_Mascarillas.png\",\"width\":1080,\"height\":1080,\"caption\":\"Seminario_Expertos_Mascarillas\"},{\"@type\":\"BreadcrumbList\",\"@id\":\"https:\\\/\\\/cit.upc.edu\\\/ca\\\/seminari-experts-mascareta\\\/#breadcrumb\",\"itemListElement\":[{\"@type\":\"ListItem\",\"position\":1,\"name\":\"Portada\",\"item\":\"https:\\\/\\\/cit.upc.edu\\\/es\\\/\"},{\"@type\":\"ListItem\",\"position\":2,\"name\":\"Seminari amb Experts. Per qu\u00e8 augmenten tant els contagis si tots fem servir mascareta? Existeix la mascareta id\u00f2nia?\"}]},{\"@type\":\"WebSite\",\"@id\":\"https:\\\/\\\/cit.upc.edu\\\/es\\\/#website\",\"url\":\"https:\\\/\\\/cit.upc.edu\\\/es\\\/\",\"name\":\"CIT UPC\",\"description\":\"UPC Technology Center\",\"publisher\":{\"@id\":\"https:\\\/\\\/cit.upc.edu\\\/es\\\/#organization\"},\"potentialAction\":[{\"@type\":\"SearchAction\",\"target\":{\"@type\":\"EntryPoint\",\"urlTemplate\":\"https:\\\/\\\/cit.upc.edu\\\/es\\\/?s={search_term_string}\"},\"query-input\":{\"@type\":\"PropertyValueSpecification\",\"valueRequired\":true,\"valueName\":\"search_term_string\"}}],\"inLanguage\":\"ca\"},{\"@type\":\"Organization\",\"@id\":\"https:\\\/\\\/cit.upc.edu\\\/es\\\/#organization\",\"name\":\"CIT UPC - UPC Technology Center\",\"url\":\"https:\\\/\\\/cit.upc.edu\\\/es\\\/\",\"logo\":{\"@type\":\"ImageObject\",\"inLanguage\":\"ca\",\"@id\":\"https:\\\/\\\/cit.upc.edu\\\/es\\\/#\\\/schema\\\/logo\\\/image\\\/\",\"url\":\"https:\\\/\\\/cit.upc.edu\\\/wp-content\\\/uploads\\\/2020\\\/04\\\/cropped-logo_positiu_horitzontal_2020_espanol.png\",\"contentUrl\":\"https:\\\/\\\/cit.upc.edu\\\/wp-content\\\/uploads\\\/2020\\\/04\\\/cropped-logo_positiu_horitzontal_2020_espanol.png\",\"width\":512,\"height\":512,\"caption\":\"CIT UPC - UPC Technology Center\"},\"image\":{\"@id\":\"https:\\\/\\\/cit.upc.edu\\\/es\\\/#\\\/schema\\\/logo\\\/image\\\/\"},\"sameAs\":[\"https:\\\/\\\/www.facebook.com\\\/cit.upc\",\"https:\\\/\\\/x.com\\\/CIT_UPC\",\"https:\\\/\\\/www.youtube.com\\\/user\\\/CITUPC\",\"https:\\\/\\\/www.flickr.com\\\/photos\\\/181927091@N08\",\"https:\\\/\\\/www.linkedin.com\\\/company\\\/cit-upc\\\/\",\"https:\\\/\\\/www.instagram.com\\\/cit_upc\\\/\"]},{\"@type\":\"Person\",\"@id\":\"https:\\\/\\\/cit.upc.edu\\\/es\\\/#\\\/schema\\\/person\\\/9699f82f1a653c8a17baa3fbdf70c6b3\",\"name\":\"CIT UPC\",\"image\":{\"@type\":\"ImageObject\",\"inLanguage\":\"ca\",\"@id\":\"https:\\\/\\\/secure.gravatar.com\\\/avatar\\\/773f33de263f3e24e13d0ac15062b5603e70036ec7f634846fb6363f44574610?s=96&d=mm&r=g\",\"url\":\"https:\\\/\\\/secure.gravatar.com\\\/avatar\\\/773f33de263f3e24e13d0ac15062b5603e70036ec7f634846fb6363f44574610?s=96&d=mm&r=g\",\"contentUrl\":\"https:\\\/\\\/secure.gravatar.com\\\/avatar\\\/773f33de263f3e24e13d0ac15062b5603e70036ec7f634846fb6363f44574610?s=96&d=mm&r=g\",\"caption\":\"CIT UPC\"},\"url\":\"https:\\\/\\\/cit.upc.edu\\\/ca\\\/author\\\/cit-upc\\\/\"}]}<\/script>\n<!-- \/ Yoast SEO plugin. -->","yoast_head_json":{"title":"Seminari amb Experts. Per qu\u00e8 augmenten tant els contagis si tots fem servir mascareta? Existeix la mascareta id\u00f2nia? - CIT UPC","description":"En el Seminari amb Experts, intentarem respondre a les dues preguntes de la m\u00e0 de dos investigadors de gran prestigi en les mat\u00e8ries.","robots":{"index":"index","follow":"follow","max-snippet":"max-snippet:-1","max-image-preview":"max-image-preview:large","max-video-preview":"max-video-preview:-1"},"canonical":"https:\/\/cit.upc.edu\/ca\/seminari-experts-mascareta\/","og_locale":"ca_ES","og_type":"article","og_title":"Seminari amb Experts. Per qu\u00e8 augmenten tant els contagis si tots fem servir mascareta? Existeix la mascareta id\u00f2nia? - CIT UPC","og_description":"En el Seminari amb Experts, intentarem respondre a les dues preguntes de la m\u00e0 de dos investigadors de gran prestigi en les mat\u00e8ries.","og_url":"https:\/\/cit.upc.edu\/ca\/seminari-experts-mascareta\/","og_site_name":"CIT UPC","article_publisher":"https:\/\/www.facebook.com\/cit.upc","article_published_time":"2020-11-03T12:04:24+00:00","article_modified_time":"2021-05-19T14:48:43+00:00","og_image":[{"width":1080,"height":1080,"url":"https:\/\/cit.upc.edu\/wp-content\/uploads\/2020\/10\/Seminario_Expertos_Mascarillas.png","type":"image\/png"}],"author":"CIT UPC","twitter_card":"summary_large_image","twitter_creator":"@CIT_UPC","twitter_site":"@CIT_UPC","twitter_misc":{"Escrit per":"CIT UPC","Temps estimat de lectura":"2 minuts"},"schema":{"@context":"https:\/\/schema.org","@graph":[{"@type":"Article","@id":"https:\/\/cit.upc.edu\/ca\/seminari-experts-mascareta\/#article","isPartOf":{"@id":"https:\/\/cit.upc.edu\/ca\/seminari-experts-mascareta\/"},"author":{"name":"CIT UPC","@id":"https:\/\/cit.upc.edu\/es\/#\/schema\/person\/9699f82f1a653c8a17baa3fbdf70c6b3"},"headline":"Seminari amb Experts. Per qu\u00e8 augmenten tant els contagis si tots fem servir mascareta? Existeix la mascareta id\u00f2nia?","datePublished":"2020-11-03T12:04:24+00:00","dateModified":"2021-05-19T14:48:43+00:00","mainEntityOfPage":{"@id":"https:\/\/cit.upc.edu\/ca\/seminari-experts-mascareta\/"},"wordCount":396,"commentCount":0,"publisher":{"@id":"https:\/\/cit.upc.edu\/es\/#organization"},"image":{"@id":"https:\/\/cit.upc.edu\/ca\/seminari-experts-mascareta\/#primaryimage"},"thumbnailUrl":"https:\/\/cit.upc.edu\/wp-content\/uploads\/2020\/10\/Seminario_Expertos_Mascarillas.png","articleSection":["Not\u00edcia","Not\u00edcia","Sin categorizar"],"inLanguage":"ca","potentialAction":[{"@type":"CommentAction","name":"Comment","target":["https:\/\/cit.upc.edu\/ca\/seminari-experts-mascareta\/#respond"]}]},{"@type":"WebPage","@id":"https:\/\/cit.upc.edu\/ca\/seminari-experts-mascareta\/","url":"https:\/\/cit.upc.edu\/ca\/seminari-experts-mascareta\/","name":"Seminari amb Experts. Per qu\u00e8 augmenten tant els contagis si tots fem servir mascareta? Existeix la mascareta id\u00f2nia? - CIT UPC","isPartOf":{"@id":"https:\/\/cit.upc.edu\/es\/#website"},"primaryImageOfPage":{"@id":"https:\/\/cit.upc.edu\/ca\/seminari-experts-mascareta\/#primaryimage"},"image":{"@id":"https:\/\/cit.upc.edu\/ca\/seminari-experts-mascareta\/#primaryimage"},"thumbnailUrl":"https:\/\/cit.upc.edu\/wp-content\/uploads\/2020\/10\/Seminario_Expertos_Mascarillas.png","datePublished":"2020-11-03T12:04:24+00:00","dateModified":"2021-05-19T14:48:43+00:00","description":"En el Seminari amb Experts, intentarem respondre a les dues preguntes de la m\u00e0 de dos investigadors de gran prestigi en les mat\u00e8ries.","breadcrumb":{"@id":"https:\/\/cit.upc.edu\/ca\/seminari-experts-mascareta\/#breadcrumb"},"inLanguage":"ca","potentialAction":[{"@type":"ReadAction","target":["https:\/\/cit.upc.edu\/ca\/seminari-experts-mascareta\/"]}]},{"@type":"ImageObject","inLanguage":"ca","@id":"https:\/\/cit.upc.edu\/ca\/seminari-experts-mascareta\/#primaryimage","url":"https:\/\/cit.upc.edu\/wp-content\/uploads\/2020\/10\/Seminario_Expertos_Mascarillas.png","contentUrl":"https:\/\/cit.upc.edu\/wp-content\/uploads\/2020\/10\/Seminario_Expertos_Mascarillas.png","width":1080,"height":1080,"caption":"Seminario_Expertos_Mascarillas"},{"@type":"BreadcrumbList","@id":"https:\/\/cit.upc.edu\/ca\/seminari-experts-mascareta\/#breadcrumb","itemListElement":[{"@type":"ListItem","position":1,"name":"Portada","item":"https:\/\/cit.upc.edu\/es\/"},{"@type":"ListItem","position":2,"name":"Seminari amb Experts. Per qu\u00e8 augmenten tant els contagis si tots fem servir mascareta? Existeix la mascareta id\u00f2nia?"}]},{"@type":"WebSite","@id":"https:\/\/cit.upc.edu\/es\/#website","url":"https:\/\/cit.upc.edu\/es\/","name":"CIT UPC","description":"UPC Technology Center","publisher":{"@id":"https:\/\/cit.upc.edu\/es\/#organization"},"potentialAction":[{"@type":"SearchAction","target":{"@type":"EntryPoint","urlTemplate":"https:\/\/cit.upc.edu\/es\/?s={search_term_string}"},"query-input":{"@type":"PropertyValueSpecification","valueRequired":true,"valueName":"search_term_string"}}],"inLanguage":"ca"},{"@type":"Organization","@id":"https:\/\/cit.upc.edu\/es\/#organization","name":"CIT UPC - UPC Technology Center","url":"https:\/\/cit.upc.edu\/es\/","logo":{"@type":"ImageObject","inLanguage":"ca","@id":"https:\/\/cit.upc.edu\/es\/#\/schema\/logo\/image\/","url":"https:\/\/cit.upc.edu\/wp-content\/uploads\/2020\/04\/cropped-logo_positiu_horitzontal_2020_espanol.png","contentUrl":"https:\/\/cit.upc.edu\/wp-content\/uploads\/2020\/04\/cropped-logo_positiu_horitzontal_2020_espanol.png","width":512,"height":512,"caption":"CIT UPC - UPC Technology Center"},"image":{"@id":"https:\/\/cit.upc.edu\/es\/#\/schema\/logo\/image\/"},"sameAs":["https:\/\/www.facebook.com\/cit.upc","https:\/\/x.com\/CIT_UPC","https:\/\/www.youtube.com\/user\/CITUPC","https:\/\/www.flickr.com\/photos\/181927091@N08","https:\/\/www.linkedin.com\/company\/cit-upc\/","https:\/\/www.instagram.com\/cit_upc\/"]},{"@type":"Person","@id":"https:\/\/cit.upc.edu\/es\/#\/schema\/person\/9699f82f1a653c8a17baa3fbdf70c6b3","name":"CIT UPC","image":{"@type":"ImageObject","inLanguage":"ca","@id":"https:\/\/secure.gravatar.com\/avatar\/773f33de263f3e24e13d0ac15062b5603e70036ec7f634846fb6363f44574610?s=96&d=mm&r=g","url":"https:\/\/secure.gravatar.com\/avatar\/773f33de263f3e24e13d0ac15062b5603e70036ec7f634846fb6363f44574610?s=96&d=mm&r=g","contentUrl":"https:\/\/secure.gravatar.com\/avatar\/773f33de263f3e24e13d0ac15062b5603e70036ec7f634846fb6363f44574610?s=96&d=mm&r=g","caption":"CIT UPC"},"url":"https:\/\/cit.upc.edu\/ca\/author\/cit-upc\/"}]}},"_links":{"self":[{"href":"https:\/\/cit.upc.edu\/ca\/wp-json\/wp\/v2\/posts\/8135","targetHints":{"allow":["GET"]}}],"collection":[{"href":"https:\/\/cit.upc.edu\/ca\/wp-json\/wp\/v2\/posts"}],"about":[{"href":"https:\/\/cit.upc.edu\/ca\/wp-json\/wp\/v2\/types\/post"}],"author":[{"embeddable":true,"href":"https:\/\/cit.upc.edu\/ca\/wp-json\/wp\/v2\/users\/5"}],"replies":[{"embeddable":true,"href":"https:\/\/cit.upc.edu\/ca\/wp-json\/wp\/v2\/comments?post=8135"}],"version-history":[{"count":13,"href":"https:\/\/cit.upc.edu\/ca\/wp-json\/wp\/v2\/posts\/8135\/revisions"}],"predecessor-version":[{"id":13137,"href":"https:\/\/cit.upc.edu\/ca\/wp-json\/wp\/v2\/posts\/8135\/revisions\/13137"}],"wp:featuredmedia":[{"embeddable":true,"href":"https:\/\/cit.upc.edu\/ca\/wp-json\/wp\/v2\/media\/8131"}],"wp:attachment":[{"href":"https:\/\/cit.upc.edu\/ca\/wp-json\/wp\/v2\/media?parent=8135"}],"wp:term":[{"taxonomy":"category","embeddable":true,"href":"https:\/\/cit.upc.edu\/ca\/wp-json\/wp\/v2\/categories?post=8135"},{"taxonomy":"post_tag","embeddable":true,"href":"https:\/\/cit.upc.edu\/ca\/wp-json\/wp\/v2\/tags?post=8135"}],"curies":[{"name":"wp","href":"https:\/\/api.w.org\/{rel}","templated":true}]}}