{"id":13475,"date":"2021-06-25T12:42:01","date_gmt":"2021-06-25T12:42:01","guid":{"rendered":"https:\/\/cit.upc.edu\/upc-mwc-2021\/"},"modified":"2026-03-13T13:56:16","modified_gmt":"2026-03-13T13:56:16","slug":"upc-mwc-2021","status":"publish","type":"post","link":"https:\/\/cit.upc.edu\/en\/upc-mwc-2021\/","title":{"rendered":"UPC presents advanced technology in smart connectivity at MWC Barcelona"},"content":{"rendered":"\n<p class=\"has-text-align-right\">25\/6\/2021<\/p>\n\n\n\n<p><strong>La UPC presenta los \u00faltimos avances tecnol\u00f3gicos desarrollado en el MWC Barcelona 2021, que tiene lugar del 28 de junio al 1 de julio en el recinto Gran V\u00eda de Fira de Barcelona. Algunos ejemplos son un nuevo dispositivo m\u00e9dico port\u00e1til para evaluar el sistema cardiovascular o un sistema predictivo para hacer m\u00e1s segura la interacci\u00f3n del conductor con el coche. Tambi\u00e9n se exponen proyectos de 5G y diversas &#8216;spin-off&#8217; y &#8216;start-up&#8217; surgidas de la Universidad.<\/strong><\/p>\n\n\n\n<p>La&nbsp;<strong>Universitat Polit\u00e8cnica de Catalunya \u00b7 BarcelonaTech (UPC)<\/strong>, a trav\u00e9s del&nbsp;<a target=\"_blank\" target=\"_blank\" href=\"https:\/\/cit.upc.edu\/es\/\" target=\"_blank\" rel=\"noreferrer noopener\">Centro de Innovaci\u00f3n y Tecnolog\u00eda (CIT-UPC)<\/a>, entidad que re\u00fane los centros l\u00edderes en investigaci\u00f3n y transferencia de tecnolog\u00eda de la Universidad, contar\u00e1 con un estand (<strong>3E70, Hall 3, Booth 20<\/strong>) en el Pabell\u00f3n catal\u00e1n del&nbsp;<a target=\"_blank\" target=\"_blank\" href=\"https:\/\/www.mwcbarcelona.com\/\" target=\"_blank\" rel=\"noreferrer noopener\">MWC Barcelona 2021<\/a>, en el recinto Gran V\u00eda de Fira de Barcelona, donde se&nbsp;<strong>exponen algunos de los proyectos tecnol\u00f3gicos m\u00e1s destacados desarrollados por los centros y grupos de investigaci\u00f3n de la Universidad<\/strong>.<\/p>\n\n\n\n<p>As\u00ed mismo, se presenta la cartera de capacidades tecnol\u00f3gicas y proyectos de vanguardia&nbsp;\u2013recogidas en el cat\u00e1logo&nbsp;<a target=\"_blank\" target=\"_blank\" href=\"https:\/\/cit.upc.edu\/mobile_projects\/es\/\" target=\"_blank\" rel=\"noreferrer noopener\">UPC in Tech<\/a>\u2013 en los \u00e1mbitos de la conectividad inteligente, la conectividad aplicada a la movilidad y a la industria, el 5G, la inteligencia artificial, la seguridad y privacidad o la sociedad del futuro, entre otras.<\/p>\n\n\n\n<p>El profesor e investigador\u00a0<a target=\"_blank\" target=\"_blank\" href=\"https:\/\/futur.upc.edu\/JosepLarribaPey\" target=\"_blank\" rel=\"noreferrer noopener\">Josep Lluis Larriba<\/a>, que lidera el grupo de investigaci\u00f3n\u00a0<a target=\"_blank\" target=\"_blank\" href=\"https:\/\/www.dama.upc.edu\/es\" target=\"_blank\" rel=\"noreferrer noopener\">Data Management (DAMA-UPC)<\/a>, ha sido nombrado delegado del rector en el MWC.<\/p>\n\n\n\n<div class=\"wp-block-image\"><figure class=\"aligncenter size-large is-resized\"><img loading=\"lazy\" decoding=\"async\" src=\"https:\/\/cit.upc.edu\/wp-content\/uploads\/2021\/03\/MWC-Barceona-21-1024x682.png\" alt=\"\" class=\"wp-image-12521\" width=\"404\" height=\"269\" srcset=\"https:\/\/cit.upc.edu\/wp-content\/uploads\/2021\/03\/MWC-Barceona-21-1024x682.png 1024w, https:\/\/cit.upc.edu\/wp-content\/uploads\/2021\/03\/MWC-Barceona-21-300x200.png 300w, https:\/\/cit.upc.edu\/wp-content\/uploads\/2021\/03\/MWC-Barceona-21-768x511.png 768w, https:\/\/cit.upc.edu\/wp-content\/uploads\/2021\/03\/MWC-Barceona-21-219x146.png 219w, https:\/\/cit.upc.edu\/wp-content\/uploads\/2021\/03\/MWC-Barceona-21-50x33.png 50w, https:\/\/cit.upc.edu\/wp-content\/uploads\/2021\/03\/MWC-Barceona-21-113x75.png 113w, https:\/\/cit.upc.edu\/wp-content\/uploads\/2021\/03\/MWC-Barceona-21.png 1056w\" sizes=\"auto, (max-width:767px) 404px, 404px\" \/><\/figure><\/div>\n\n\n\n<p><strong>Dispositivo para monitorizar el sistema cardiovascular<br><\/strong>Una de las tecnolog\u00edas que se muestran en el MWC Barcelona es&nbsp;<a target=\"_blank\" target=\"_blank\" href=\"https:\/\/cit.upc.edu\/en\/portfolio-item\/nicva\/\" target=\"_blank\" rel=\"noreferrer noopener\">NICVA, un nuevo dispositivo m\u00e9dico port\u00e1til no invasivo para evaluar r\u00e1pidamente el funcionamiento del sistema cardiovascular<\/a>, desarrollado por el&nbsp;<a target=\"_blank\" target=\"_blank\" href=\"https:\/\/isi.upc.edu\/en\" target=\"_blank\" rel=\"noreferrer noopener\">grupo de investigaci\u00f3n de Instrumentaci\u00f3n, Sensores e Interfaces (ISI)<\/a>.&nbsp;Se trata de un aparato m\u00e9dico, actualmente en fase de prototipo,&nbsp;capaz de monitorizar el funcionamiento del sistema cardiovascular y detectar el electrocardiograma (ECG). A la vez, obtiene datos sobre la funci\u00f3n mec\u00e1nica del coraz\u00f3n y las arterias, mediante una ola de pulso arterial proximal y dos olas distales respecto al coraz\u00f3n.<\/p>\n\n\n\n<p>El diagn\u00f3stico precoz y un seguimiento peri\u00f3dico de los pacientes con riesgo cardiovascular podr\u00eda reducir la mortalidad, teniendo en cuenta que la primera manifestaci\u00f3n de las enfermedades cardiovasculares&nbsp;\u2013que son una de las principales causas de muerte en el mundo\u2013, no suelen presentar s\u00edntomas previos o de aviso, y que su primera manifestaci\u00f3n puede ser un ataque al coraz\u00f3n o un ictus. La tecnolog\u00eda actual disponible solo ofrece soluciones parciales, ya que los aparatos extracl\u00ednicos miden un n\u00famero limitado de par\u00e1metros fisiol\u00f3gicos, y cada uno de ellos necesita un dispositivo espec\u00edfico.<\/p>\n\n\n\n<p>NICVA es un aparato port\u00e1til y de uso individual que no requiere de ning\u00fan entrenamiento previo porque es sencillo, intuitivo, c\u00f3modo y r\u00e1pido. Su uso en sistemas de emergencias m\u00e9dicas permite detectar r\u00e1pidamente el funcionamiento del coraz\u00f3n tomando medidas entre las manos. Si se utiliza en casa, permite facilitar el seguimiento de la rehabilitaci\u00f3n cardiaca y de personas con riesgo cardiovascular o que participen en ensayos cl\u00ednicos. En residencias de personas mayores o centros de d\u00eda, el sistema puede ahorrar mucho tiempo en controles rutinarios, ya que funciona tanto si la persona usuaria est\u00e1 de pie, sentada, reclinada o agachada sin tener que desabrocharse ni un bot\u00f3n, y con independencia del peso y di\u00e1metro de los brazos. En gimnasios y clubs deportivos, permite hacer el seguimiento de forma sistem\u00e1tica de las mejoras hemodin\u00e1micas de la persona, despu\u00e9s de hacer un entrenamiento deportivo, y prevenir situaciones de riesgo.<\/p>\n\n\n\n<p>El proyecto est\u00e1 cofinanciado por el Fondo Europeo de Desarrollo Regional (FEDER) de la Uni\u00f3n Europea, en el marco del Programa operativo FEDER de Catalunya 2014-2020.<\/p>\n\n\n\n<p><strong>Mejorando la seguridad en veh\u00edculos<\/strong><br>As\u00ed mismo, el grupo Data Management (DAMA-UPC) presenta&nbsp; la tecnolog\u00eda&nbsp;<a target=\"_blank\" target=\"_blank\" href=\"https:\/\/www.sparsity-technologies.com\/\" target=\"_blank\" rel=\"noreferrer noopener\">Sparksee Mobile<\/a>, el primer sistema de gesti\u00f3n de grafos de alto rendimiento, para entornos embebidos y m\u00f3viles, que prev\u00e9 la interacci\u00f3n del conductor con su veh\u00edculo.<\/p>\n\n\n\n<p>El sistema, desarrollado por este grupo de investigaci\u00f3n y la&nbsp;<em>spin-off<\/em>&nbsp;<a target=\"_blank\" target=\"_blank\" href=\"https:\/\/www.sparsity-technologies.com\/\" target=\"_blank\" rel=\"noreferrer noopener\">Sparsity Technologies<\/a>, proporciona una base de datos que se instala en el veh\u00edculo y se utiliza sin necesidad de apoyo externo a la nube. Esta nueva tecnolog\u00eda proporciona predicciones r\u00e1pidas y fiables en la hora de conducir, corrigiendo las acciones del conductor, lo cual aumenta la seguridad de los ocupantes del veh\u00edculo.<\/p>\n\n\n\n<p><strong>Tecnolog\u00eda 5G<\/strong><br>La UPC, que forma parte del&nbsp;<a target=\"_blank\" target=\"_blank\" href=\"https:\/\/5gbarcelona.org\/es\/\" target=\"_blank\" rel=\"noreferrer noopener\">5G Barcelona<\/a>&nbsp;y participa en los proyectos piloto de despliegue de esta tecnolog\u00eda en la ciudad, tambi\u00e9n tiene presencia en el MWC Barcelona a trav\u00e9s de la MWCapital (3F10, Hall 3), as\u00ed como en&nbsp;<a target=\"_blank\" target=\"_blank\" href=\"https:\/\/www.4yfn.com\/\" target=\"_blank\" rel=\"noreferrer noopener\">4YFN<\/a>&nbsp;(2E27, Hall 2), el evento de referencia de emprendimiento e innovaci\u00f3n que este a\u00f1o se celebra de forma conjunta con el MWC, en el Palacio 8 del recinto Gran V\u00eda de Fira de Barcelona.<\/p>\n\n\n\n<p><strong>M\u00e1s de 20 empresas de base tecnol\u00f3gica, en el 4YFN<\/strong><br>Precisamente, en el 4YFN, la UPC tiene una participaci\u00f3n destacada en el estand&nbsp;<strong>2F7 Hall 2<\/strong>, donde presenta 11&nbsp;<em>start-up<\/em>&nbsp;surgidas en la Universidad ytambi\u00e9n da visibilidad a dos iniciativas singulares:<\/p>\n\n\n\n<ul class=\"wp-block-list\"><li>Los proyectos de&nbsp;<a target=\"_blank\" target=\"_blank\" href=\"https:\/\/carnetbarcelona.com\/\" target=\"_blank\" rel=\"noreferrer noopener\">CARNET<\/a>&nbsp;\u2013el hub de investigaci\u00f3n e innovaci\u00f3n en movilidad urbana coordinado por CIT UPC\u2013, del cual se presenta el&nbsp;\u2018<a target=\"_blank\" target=\"_blank\" href=\"https:\/\/www.eiturbanmobility.eu\/business-creation\/accelerator\/\" target=\"_blank\" rel=\"noreferrer noopener\">EIT Urban Mobility Accelerator Programme<\/a>\u2019, en colaboraci\u00f3n con el resto de los socios del proyecto. Esta actividad est\u00e1 destinada a la aceleraci\u00f3n de&nbsp;<em>start-up<\/em>&nbsp;enfocadas a buscar soluciones en el \u00e1mbito de la movilidad urbana, a trav\u00e9s de&nbsp;<em>workshops<\/em>, mentor\u00edas y asistencia a actos, as\u00ed como a la financiaci\u00f3n directa de proyectos. Algunas de las&nbsp;<em>start-up<\/em>&nbsp;que han participado en las \u00faltimas ediciones de este programa, como Journify y Vilanova i Smart Monkey, explicar\u00e1n de primera mano c\u00f3mo han podido impulsar su negocio gracias al proyecto europeo financiado por el EIT Urban Mobility, del cual la UPC es socia.<\/li><li>La actividad del&nbsp;<a target=\"_blank\" target=\"_blank\" href=\"https:\/\/nanosatlab.upc.edu\/en\" target=\"_blank\" rel=\"noreferrer noopener\">Nanosat Lab<\/a>&nbsp;de la UPC, un laboratorio pionero dedicado a las cargas \u00fatiles y a peque\u00f1os sat\u00e9lites, vinculado a la&nbsp;<a target=\"_blank\" target=\"_blank\" href=\"https:\/\/telecos.upc.edu\/ca\" target=\"_blank\" rel=\"noreferrer noopener\">Escuela T\u00e9cnica Superior de Ingenier\u00eda de Telecomunicaci\u00f3n de Barcelona (ETSETB)<\/a>, a la&nbsp;<a target=\"_blank\" target=\"_blank\" href=\"https:\/\/www.tsc.upc.edu\/es\/investigacion\/grupos-de-investigacion\/commsenslab\" target=\"_blank\" rel=\"noreferrer noopener\">Unidad Mar\u00eda de Maeztu CommSensLab<\/a>&nbsp;y al&nbsp;<a target=\"_blank\" target=\"_blank\" href=\"https:\/\/www.tsc.upc.edu\/es\" target=\"_blank\" rel=\"noreferrer noopener\">Departamento de Teor\u00eda de la Se\u00f1al y Comunicaciones<\/a>&nbsp;de la Universidad.<\/li><\/ul>\n\n\n\n<p>Las 11&nbsp;<em>start-up<\/em>&nbsp;impulsadas por miembros de la comunidad universitaria con el apoyo de la Universidad que se presentar\u00e1n en la Fira son:&nbsp;Alumniverse,&nbsp;<a target=\"_blank\" target=\"_blank\" href=\"https:\/\/biyiud.com\/\" target=\"_blank\" rel=\"noreferrer noopener\">Biyiud<\/a>,&nbsp;<a target=\"_blank\" target=\"_blank\" href=\"https:\/\/bleta.io\/\" target=\"_blank\" rel=\"noreferrer noopener\">Bleta<\/a>,&nbsp;KlaseA,&nbsp;<a target=\"_blank\" target=\"_blank\" href=\"https:\/\/www.meetoptics.com\/\" target=\"_blank\" rel=\"noreferrer noopener\">Meetoptics<\/a>,&nbsp;<a target=\"_blank\" target=\"_blank\" href=\"https:\/\/nuwe.io\/\" target=\"_blank\" rel=\"noreferrer noopener\">Nuwe<\/a>,&nbsp;<a target=\"_blank\" target=\"_blank\" href=\"https:\/\/www.myreach.io\/\" target=\"_blank\" rel=\"noreferrer noopener\">Reach<\/a>,&nbsp;<a target=\"_blank\" target=\"_blank\" href=\"https:\/\/ro-botica.com\/tienda\/Vobu\" target=\"_blank\" rel=\"noreferrer noopener\">Vobu<\/a>,&nbsp;Wecaria,&nbsp;<a target=\"_blank\" target=\"_blank\" href=\"https:\/\/www.bcn3d.com\/es\/\" target=\"_blank\" rel=\"noreferrer noopener\">BCN3D<\/a>&nbsp;y&nbsp;SmartEngineering.<\/p>\n\n\n\n<p>Otros proyectos de la Universidad se exponen a trav\u00e9s de entidades colaboradoras:&nbsp;Inmersia&nbsp;(<em>start-up<\/em>&nbsp;vinculada al&nbsp;<a target=\"_blank\" target=\"_blank\" href=\"https:\/\/www.upc.edu\/emprenupc\/es\" target=\"_blank\" rel=\"noreferrer noopener\">programa Empr\u00e8n UPC<\/a>) o&nbsp;Process Talks&nbsp;y&nbsp;<a target=\"_blank\" target=\"_blank\" href=\"https:\/\/amalfianalytics.com\/\" target=\"_blank\" rel=\"noreferrer noopener\">Amalfi Analytics<\/a>&nbsp;(<a target=\"_blank\" target=\"_blank\" href=\"https:\/\/www.upc.edu\/innovacio\/ca\/p-innova\/empreses-creades\" target=\"_blank\" rel=\"noreferrer noopener\"><em>spin-off<\/em>&nbsp;surgidas en la UPC<\/a>) est\u00e1n en el estand de&nbsp;<a target=\"_blank\" target=\"_blank\" href=\"https:\/\/www.barcelonactiva.cat\/es\/inicio\" target=\"_blank\" rel=\"noreferrer noopener\">Barcelona Activa<\/a>, mientras que las&nbsp;<em>spin-off<\/em>&nbsp;Exheus&nbsp;y&nbsp;The Predictive Company&nbsp;tienen presencia en el espacio de&nbsp;<a target=\"_blank\" target=\"_blank\" href=\"https:\/\/thecollider.tech\/es\/\" target=\"_blank\" rel=\"noreferrer noopener\">The Collider-Fundaci\u00f3 Mobile World Capital<\/a>, y&nbsp;<a target=\"_blank\" target=\"_blank\" href=\"https:\/\/steeringmachines.com\/\" target=\"_blank\" rel=\"noreferrer noopener\">Sterring Machines<\/a>&nbsp;expone su tecnolog\u00eda en el stand de&nbsp;<a target=\"_blank\" target=\"_blank\" href=\"https:\/\/www.iqstechfactory.com\/\" target=\"_blank\" rel=\"noreferrer noopener\">IQS Tech Factory<\/a>.<\/p>\n\n\n\n<p>Por otra parte, 150 estudiantes de la UPC, de las escuelas y facultades del \u00e1mbito TIC, han recibido, por parte de la organizaci\u00f3n del MWC, una invitaci\u00f3n para poder asistir al evento.<\/p>\n\n\n\n<div style=\"height:100px\" aria-hidden=\"true\" class=\"wp-block-spacer\"><\/div>\n","protected":false},"excerpt":{"rendered":"<p>25\/6\/2021 La UPC presenta los \u00faltimos avances tecnol\u00f3gicos desarrollado en el MWC Barcelona 2021, que tiene lugar del 28 de junio al 1 de julio en<span class=\"excerpt-hellip\"> [\u2026]<\/span><\/p>\n","protected":false},"author":5,"featured_media":12520,"comment_status":"open","ping_status":"open","sticky":false,"template":"","format":"standard","meta":{"footnotes":""},"categories":[940],"tags":[],"class_list":["post-13475","post","type-post","status-publish","format-standard","has-post-thumbnail","hentry","category-noticia-en"],"yoast_head":"<!-- This site is optimized with the Yoast SEO plugin v27.4 - https:\/\/yoast.com\/product\/yoast-seo-wordpress\/ -->\n<title>UPC presents advanced technology in smart connectivity at MWC Barcelona - CIT UPC<\/title>\n<meta name=\"robots\" content=\"index, follow, max-snippet:-1, max-image-preview:large, max-video-preview:-1\" \/>\n<link rel=\"canonical\" href=\"https:\/\/cit.upc.edu\/ca\/upc-mwc-2021\/\" \/>\n<meta property=\"og:locale\" content=\"en_US\" \/>\n<meta property=\"og:type\" content=\"article\" \/>\n<meta property=\"og:title\" content=\"UPC presents advanced technology in smart connectivity at MWC Barcelona - CIT UPC\" \/>\n<meta property=\"og:description\" content=\"25\/6\/2021 La UPC presenta los \u00faltimos avances tecnol\u00f3gicos desarrollado en el MWC Barcelona 2021, que tiene lugar del 28 de junio al 1 de julio en [\u2026]\" \/>\n<meta property=\"og:url\" content=\"https:\/\/cit.upc.edu\/ca\/upc-mwc-2021\/\" \/>\n<meta property=\"og:site_name\" content=\"CIT UPC\" \/>\n<meta property=\"article:publisher\" content=\"https:\/\/www.facebook.com\/cit.upc\" \/>\n<meta property=\"article:published_time\" content=\"2021-06-25T12:42:01+00:00\" \/>\n<meta property=\"article:modified_time\" content=\"2026-03-13T13:56:16+00:00\" \/>\n<meta property=\"og:image\" content=\"https:\/\/cit.upc.edu\/wp-content\/uploads\/2021\/03\/MWC-Barceona-21.png\" \/>\n\t<meta property=\"og:image:width\" content=\"1056\" \/>\n\t<meta property=\"og:image:height\" content=\"703\" \/>\n\t<meta property=\"og:image:type\" content=\"image\/png\" \/>\n<meta name=\"author\" content=\"CIT UPC\" \/>\n<meta name=\"twitter:card\" content=\"summary_large_image\" \/>\n<meta name=\"twitter:creator\" content=\"@CIT_UPC\" \/>\n<meta name=\"twitter:site\" content=\"@CIT_UPC\" \/>\n<meta name=\"twitter:label1\" content=\"Written by\" \/>\n\t<meta name=\"twitter:data1\" content=\"CIT UPC\" \/>\n\t<meta name=\"twitter:label2\" content=\"Est. reading time\" \/>\n\t<meta name=\"twitter:data2\" content=\"6 minutes\" \/>\n<script type=\"application\/ld+json\" class=\"yoast-schema-graph\">{\"@context\":\"https:\\\/\\\/schema.org\",\"@graph\":[{\"@type\":\"Article\",\"@id\":\"https:\\\/\\\/cit.upc.edu\\\/ca\\\/upc-mwc-2021\\\/#article\",\"isPartOf\":{\"@id\":\"https:\\\/\\\/cit.upc.edu\\\/ca\\\/upc-mwc-2021\\\/\"},\"author\":{\"name\":\"CIT UPC\",\"@id\":\"https:\\\/\\\/cit.upc.edu\\\/es\\\/#\\\/schema\\\/person\\\/9699f82f1a653c8a17baa3fbdf70c6b3\"},\"headline\":\"UPC presents advanced technology in smart connectivity at MWC Barcelona\",\"datePublished\":\"2021-06-25T12:42:01+00:00\",\"dateModified\":\"2026-03-13T13:56:16+00:00\",\"mainEntityOfPage\":{\"@id\":\"https:\\\/\\\/cit.upc.edu\\\/ca\\\/upc-mwc-2021\\\/\"},\"wordCount\":1304,\"commentCount\":0,\"publisher\":{\"@id\":\"https:\\\/\\\/cit.upc.edu\\\/es\\\/#organization\"},\"image\":{\"@id\":\"https:\\\/\\\/cit.upc.edu\\\/ca\\\/upc-mwc-2021\\\/#primaryimage\"},\"thumbnailUrl\":\"https:\\\/\\\/cit.upc.edu\\\/wp-content\\\/uploads\\\/2021\\\/03\\\/MWC-Barceona-21.png\",\"articleSection\":[\"Not\u00edcia\"],\"inLanguage\":\"en-US\",\"potentialAction\":[{\"@type\":\"CommentAction\",\"name\":\"Comment\",\"target\":[\"https:\\\/\\\/cit.upc.edu\\\/ca\\\/upc-mwc-2021\\\/#respond\"]}]},{\"@type\":\"WebPage\",\"@id\":\"https:\\\/\\\/cit.upc.edu\\\/ca\\\/upc-mwc-2021\\\/\",\"url\":\"https:\\\/\\\/cit.upc.edu\\\/ca\\\/upc-mwc-2021\\\/\",\"name\":\"UPC presents advanced technology in smart connectivity at MWC Barcelona - CIT UPC\",\"isPartOf\":{\"@id\":\"https:\\\/\\\/cit.upc.edu\\\/es\\\/#website\"},\"primaryImageOfPage\":{\"@id\":\"https:\\\/\\\/cit.upc.edu\\\/ca\\\/upc-mwc-2021\\\/#primaryimage\"},\"image\":{\"@id\":\"https:\\\/\\\/cit.upc.edu\\\/ca\\\/upc-mwc-2021\\\/#primaryimage\"},\"thumbnailUrl\":\"https:\\\/\\\/cit.upc.edu\\\/wp-content\\\/uploads\\\/2021\\\/03\\\/MWC-Barceona-21.png\",\"datePublished\":\"2021-06-25T12:42:01+00:00\",\"dateModified\":\"2026-03-13T13:56:16+00:00\",\"breadcrumb\":{\"@id\":\"https:\\\/\\\/cit.upc.edu\\\/ca\\\/upc-mwc-2021\\\/#breadcrumb\"},\"inLanguage\":\"en-US\",\"potentialAction\":[{\"@type\":\"ReadAction\",\"target\":[\"https:\\\/\\\/cit.upc.edu\\\/ca\\\/upc-mwc-2021\\\/\"]}]},{\"@type\":\"ImageObject\",\"inLanguage\":\"en-US\",\"@id\":\"https:\\\/\\\/cit.upc.edu\\\/ca\\\/upc-mwc-2021\\\/#primaryimage\",\"url\":\"https:\\\/\\\/cit.upc.edu\\\/wp-content\\\/uploads\\\/2021\\\/03\\\/MWC-Barceona-21.png\",\"contentUrl\":\"https:\\\/\\\/cit.upc.edu\\\/wp-content\\\/uploads\\\/2021\\\/03\\\/MWC-Barceona-21.png\",\"width\":1056,\"height\":703},{\"@type\":\"BreadcrumbList\",\"@id\":\"https:\\\/\\\/cit.upc.edu\\\/ca\\\/upc-mwc-2021\\\/#breadcrumb\",\"itemListElement\":[{\"@type\":\"ListItem\",\"position\":1,\"name\":\"Cover page\",\"item\":\"https:\\\/\\\/cit.upc.edu\\\/es\\\/\"},{\"@type\":\"ListItem\",\"position\":2,\"name\":\"UPC presents advanced technology in smart connectivity at MWC Barcelona\"}]},{\"@type\":\"WebSite\",\"@id\":\"https:\\\/\\\/cit.upc.edu\\\/es\\\/#website\",\"url\":\"https:\\\/\\\/cit.upc.edu\\\/es\\\/\",\"name\":\"CIT UPC\",\"description\":\"Centro de Innovaci\u00f3n y Tecnolog\u00eda\",\"publisher\":{\"@id\":\"https:\\\/\\\/cit.upc.edu\\\/es\\\/#organization\"},\"potentialAction\":[{\"@type\":\"SearchAction\",\"target\":{\"@type\":\"EntryPoint\",\"urlTemplate\":\"https:\\\/\\\/cit.upc.edu\\\/es\\\/?s={search_term_string}\"},\"query-input\":{\"@type\":\"PropertyValueSpecification\",\"valueRequired\":true,\"valueName\":\"search_term_string\"}}],\"inLanguage\":\"en-US\"},{\"@type\":\"Organization\",\"@id\":\"https:\\\/\\\/cit.upc.edu\\\/es\\\/#organization\",\"name\":\"CIT UPC - UPC Technology Center\",\"url\":\"https:\\\/\\\/cit.upc.edu\\\/es\\\/\",\"logo\":{\"@type\":\"ImageObject\",\"inLanguage\":\"en-US\",\"@id\":\"https:\\\/\\\/cit.upc.edu\\\/es\\\/#\\\/schema\\\/logo\\\/image\\\/\",\"url\":\"https:\\\/\\\/cit.upc.edu\\\/wp-content\\\/uploads\\\/2020\\\/04\\\/cropped-logo_positiu_horitzontal_2020_espanol.png\",\"contentUrl\":\"https:\\\/\\\/cit.upc.edu\\\/wp-content\\\/uploads\\\/2020\\\/04\\\/cropped-logo_positiu_horitzontal_2020_espanol.png\",\"width\":512,\"height\":512,\"caption\":\"CIT UPC - UPC Technology Center\"},\"image\":{\"@id\":\"https:\\\/\\\/cit.upc.edu\\\/es\\\/#\\\/schema\\\/logo\\\/image\\\/\"},\"sameAs\":[\"https:\\\/\\\/www.facebook.com\\\/cit.upc\",\"https:\\\/\\\/x.com\\\/CIT_UPC\",\"https:\\\/\\\/www.youtube.com\\\/user\\\/CITUPC\",\"https:\\\/\\\/www.flickr.com\\\/photos\\\/181927091@N08\",\"https:\\\/\\\/www.linkedin.com\\\/company\\\/cit-upc\\\/\",\"https:\\\/\\\/www.instagram.com\\\/cit_upc\\\/\"]},{\"@type\":\"Person\",\"@id\":\"https:\\\/\\\/cit.upc.edu\\\/es\\\/#\\\/schema\\\/person\\\/9699f82f1a653c8a17baa3fbdf70c6b3\",\"name\":\"CIT UPC\",\"image\":{\"@type\":\"ImageObject\",\"inLanguage\":\"en-US\",\"@id\":\"https:\\\/\\\/secure.gravatar.com\\\/avatar\\\/773f33de263f3e24e13d0ac15062b5603e70036ec7f634846fb6363f44574610?s=96&d=mm&r=g\",\"url\":\"https:\\\/\\\/secure.gravatar.com\\\/avatar\\\/773f33de263f3e24e13d0ac15062b5603e70036ec7f634846fb6363f44574610?s=96&d=mm&r=g\",\"contentUrl\":\"https:\\\/\\\/secure.gravatar.com\\\/avatar\\\/773f33de263f3e24e13d0ac15062b5603e70036ec7f634846fb6363f44574610?s=96&d=mm&r=g\",\"caption\":\"CIT UPC\"},\"url\":\"https:\\\/\\\/cit.upc.edu\\\/en\\\/author\\\/cit-upc\\\/\"}]}<\/script>\n<!-- \/ Yoast SEO plugin. -->","yoast_head_json":{"title":"UPC presents advanced technology in smart connectivity at MWC Barcelona - CIT UPC","robots":{"index":"index","follow":"follow","max-snippet":"max-snippet:-1","max-image-preview":"max-image-preview:large","max-video-preview":"max-video-preview:-1"},"canonical":"https:\/\/cit.upc.edu\/ca\/upc-mwc-2021\/","og_locale":"en_US","og_type":"article","og_title":"UPC presents advanced technology in smart connectivity at MWC Barcelona - CIT UPC","og_description":"25\/6\/2021 La UPC presenta los \u00faltimos avances tecnol\u00f3gicos desarrollado en el MWC Barcelona 2021, que tiene lugar del 28 de junio al 1 de julio en [\u2026]","og_url":"https:\/\/cit.upc.edu\/ca\/upc-mwc-2021\/","og_site_name":"CIT UPC","article_publisher":"https:\/\/www.facebook.com\/cit.upc","article_published_time":"2021-06-25T12:42:01+00:00","article_modified_time":"2026-03-13T13:56:16+00:00","og_image":[{"width":1056,"height":703,"url":"https:\/\/cit.upc.edu\/wp-content\/uploads\/2021\/03\/MWC-Barceona-21.png","type":"image\/png"}],"author":"CIT UPC","twitter_card":"summary_large_image","twitter_creator":"@CIT_UPC","twitter_site":"@CIT_UPC","twitter_misc":{"Written by":"CIT UPC","Est. reading time":"6 minutes"},"schema":{"@context":"https:\/\/schema.org","@graph":[{"@type":"Article","@id":"https:\/\/cit.upc.edu\/ca\/upc-mwc-2021\/#article","isPartOf":{"@id":"https:\/\/cit.upc.edu\/ca\/upc-mwc-2021\/"},"author":{"name":"CIT UPC","@id":"https:\/\/cit.upc.edu\/es\/#\/schema\/person\/9699f82f1a653c8a17baa3fbdf70c6b3"},"headline":"UPC presents advanced technology in smart connectivity at MWC Barcelona","datePublished":"2021-06-25T12:42:01+00:00","dateModified":"2026-03-13T13:56:16+00:00","mainEntityOfPage":{"@id":"https:\/\/cit.upc.edu\/ca\/upc-mwc-2021\/"},"wordCount":1304,"commentCount":0,"publisher":{"@id":"https:\/\/cit.upc.edu\/es\/#organization"},"image":{"@id":"https:\/\/cit.upc.edu\/ca\/upc-mwc-2021\/#primaryimage"},"thumbnailUrl":"https:\/\/cit.upc.edu\/wp-content\/uploads\/2021\/03\/MWC-Barceona-21.png","articleSection":["Not\u00edcia"],"inLanguage":"en-US","potentialAction":[{"@type":"CommentAction","name":"Comment","target":["https:\/\/cit.upc.edu\/ca\/upc-mwc-2021\/#respond"]}]},{"@type":"WebPage","@id":"https:\/\/cit.upc.edu\/ca\/upc-mwc-2021\/","url":"https:\/\/cit.upc.edu\/ca\/upc-mwc-2021\/","name":"UPC presents advanced technology in smart connectivity at MWC Barcelona - CIT UPC","isPartOf":{"@id":"https:\/\/cit.upc.edu\/es\/#website"},"primaryImageOfPage":{"@id":"https:\/\/cit.upc.edu\/ca\/upc-mwc-2021\/#primaryimage"},"image":{"@id":"https:\/\/cit.upc.edu\/ca\/upc-mwc-2021\/#primaryimage"},"thumbnailUrl":"https:\/\/cit.upc.edu\/wp-content\/uploads\/2021\/03\/MWC-Barceona-21.png","datePublished":"2021-06-25T12:42:01+00:00","dateModified":"2026-03-13T13:56:16+00:00","breadcrumb":{"@id":"https:\/\/cit.upc.edu\/ca\/upc-mwc-2021\/#breadcrumb"},"inLanguage":"en-US","potentialAction":[{"@type":"ReadAction","target":["https:\/\/cit.upc.edu\/ca\/upc-mwc-2021\/"]}]},{"@type":"ImageObject","inLanguage":"en-US","@id":"https:\/\/cit.upc.edu\/ca\/upc-mwc-2021\/#primaryimage","url":"https:\/\/cit.upc.edu\/wp-content\/uploads\/2021\/03\/MWC-Barceona-21.png","contentUrl":"https:\/\/cit.upc.edu\/wp-content\/uploads\/2021\/03\/MWC-Barceona-21.png","width":1056,"height":703},{"@type":"BreadcrumbList","@id":"https:\/\/cit.upc.edu\/ca\/upc-mwc-2021\/#breadcrumb","itemListElement":[{"@type":"ListItem","position":1,"name":"Cover page","item":"https:\/\/cit.upc.edu\/es\/"},{"@type":"ListItem","position":2,"name":"UPC presents advanced technology in smart connectivity at MWC Barcelona"}]},{"@type":"WebSite","@id":"https:\/\/cit.upc.edu\/es\/#website","url":"https:\/\/cit.upc.edu\/es\/","name":"CIT UPC","description":"Centro de Innovaci\u00f3n y Tecnolog\u00eda","publisher":{"@id":"https:\/\/cit.upc.edu\/es\/#organization"},"potentialAction":[{"@type":"SearchAction","target":{"@type":"EntryPoint","urlTemplate":"https:\/\/cit.upc.edu\/es\/?s={search_term_string}"},"query-input":{"@type":"PropertyValueSpecification","valueRequired":true,"valueName":"search_term_string"}}],"inLanguage":"en-US"},{"@type":"Organization","@id":"https:\/\/cit.upc.edu\/es\/#organization","name":"CIT UPC - UPC Technology Center","url":"https:\/\/cit.upc.edu\/es\/","logo":{"@type":"ImageObject","inLanguage":"en-US","@id":"https:\/\/cit.upc.edu\/es\/#\/schema\/logo\/image\/","url":"https:\/\/cit.upc.edu\/wp-content\/uploads\/2020\/04\/cropped-logo_positiu_horitzontal_2020_espanol.png","contentUrl":"https:\/\/cit.upc.edu\/wp-content\/uploads\/2020\/04\/cropped-logo_positiu_horitzontal_2020_espanol.png","width":512,"height":512,"caption":"CIT UPC - UPC Technology Center"},"image":{"@id":"https:\/\/cit.upc.edu\/es\/#\/schema\/logo\/image\/"},"sameAs":["https:\/\/www.facebook.com\/cit.upc","https:\/\/x.com\/CIT_UPC","https:\/\/www.youtube.com\/user\/CITUPC","https:\/\/www.flickr.com\/photos\/181927091@N08","https:\/\/www.linkedin.com\/company\/cit-upc\/","https:\/\/www.instagram.com\/cit_upc\/"]},{"@type":"Person","@id":"https:\/\/cit.upc.edu\/es\/#\/schema\/person\/9699f82f1a653c8a17baa3fbdf70c6b3","name":"CIT UPC","image":{"@type":"ImageObject","inLanguage":"en-US","@id":"https:\/\/secure.gravatar.com\/avatar\/773f33de263f3e24e13d0ac15062b5603e70036ec7f634846fb6363f44574610?s=96&d=mm&r=g","url":"https:\/\/secure.gravatar.com\/avatar\/773f33de263f3e24e13d0ac15062b5603e70036ec7f634846fb6363f44574610?s=96&d=mm&r=g","contentUrl":"https:\/\/secure.gravatar.com\/avatar\/773f33de263f3e24e13d0ac15062b5603e70036ec7f634846fb6363f44574610?s=96&d=mm&r=g","caption":"CIT UPC"},"url":"https:\/\/cit.upc.edu\/en\/author\/cit-upc\/"}]}},"_links":{"self":[{"href":"https:\/\/cit.upc.edu\/en\/wp-json\/wp\/v2\/posts\/13475","targetHints":{"allow":["GET"]}}],"collection":[{"href":"https:\/\/cit.upc.edu\/en\/wp-json\/wp\/v2\/posts"}],"about":[{"href":"https:\/\/cit.upc.edu\/en\/wp-json\/wp\/v2\/types\/post"}],"author":[{"embeddable":true,"href":"https:\/\/cit.upc.edu\/en\/wp-json\/wp\/v2\/users\/5"}],"replies":[{"embeddable":true,"href":"https:\/\/cit.upc.edu\/en\/wp-json\/wp\/v2\/comments?post=13475"}],"version-history":[{"count":16,"href":"https:\/\/cit.upc.edu\/en\/wp-json\/wp\/v2\/posts\/13475\/revisions"}],"predecessor-version":[{"id":30947,"href":"https:\/\/cit.upc.edu\/en\/wp-json\/wp\/v2\/posts\/13475\/revisions\/30947"}],"wp:featuredmedia":[{"embeddable":true,"href":"https:\/\/cit.upc.edu\/en\/wp-json\/wp\/v2\/media\/12520"}],"wp:attachment":[{"href":"https:\/\/cit.upc.edu\/en\/wp-json\/wp\/v2\/media?parent=13475"}],"wp:term":[{"taxonomy":"category","embeddable":true,"href":"https:\/\/cit.upc.edu\/en\/wp-json\/wp\/v2\/categories?post=13475"},{"taxonomy":"post_tag","embeddable":true,"href":"https:\/\/cit.upc.edu\/en\/wp-json\/wp\/v2\/tags?post=13475"}],"curies":[{"name":"wp","href":"https:\/\/api.w.org\/{rel}","templated":true}]}}