{"id":10093,"date":"2019-09-12T18:17:49","date_gmt":"2019-09-12T18:17:49","guid":{"rendered":"https:\/\/cit.upc.edu\/premi_klaas_maria_pau_ginebra\/"},"modified":"2023-04-24T07:38:03","modified_gmt":"2023-04-24T07:38:03","slug":"premio_klaas_maria_pau_ginebra_","status":"publish","type":"post","link":"https:\/\/cit.upc.edu\/es\/premio_klaas_maria_pau_ginebra_\/","title":{"rendered":"Premio Klaas de Groot para Maria Pau Ginebra"},"content":{"rendered":"\n<p class=\"has-text-align-right\"><strong>12\/09\/2019<\/strong><\/p>\n\n\n\n<p><strong>La Sociedad Europea de Biomateriales galardon\u00f3 a la\u00a0Dra.<\/strong> <strong><a target=\"_blank\" target=\"_blank\" href=\"https:\/\/futur.upc.edu\/MariaPauGinebraMolins\">Maria Pau Ginebra<\/a>\u00a0con el prestigioso galard\u00f3n Klaas de Groot, que premia a los cient\u00edficos que han desarrollado una labor excelente de mentoring y acompa\u00f1amiento para j\u00f3venes investigadores.<\/strong><\/p>\n\n\n\n<div class=\"wp-block-image\"><figure class=\"aligncenter size-large is-resized\"><img loading=\"lazy\" decoding=\"async\" src=\"https:\/\/cit.upc.edu\/wp-content\/uploads\/2021\/01\/Maria-Pau-Ginebra_.png\" alt=\"\" class=\"wp-image-10090\" width=\"199\" height=\"281\" srcset=\"https:\/\/cit.upc.edu\/wp-content\/uploads\/2021\/01\/Maria-Pau-Ginebra_.png 584w, https:\/\/cit.upc.edu\/wp-content\/uploads\/2021\/01\/Maria-Pau-Ginebra_-213x300.png 213w, https:\/\/cit.upc.edu\/wp-content\/uploads\/2021\/01\/Maria-Pau-Ginebra_-104x146.png 104w, https:\/\/cit.upc.edu\/wp-content\/uploads\/2021\/01\/Maria-Pau-Ginebra_-36x50.png 36w, https:\/\/cit.upc.edu\/wp-content\/uploads\/2021\/01\/Maria-Pau-Ginebra_-53x75.png 53w\" sizes=\"auto, (max-width:767px) 199px, 199px\" \/><\/figure><\/div>\n\n\n\n<p>Se reconoce as\u00ed la dedicaci\u00f3n y el esfuerzo destinados a formar a la siguiente generaci\u00f3n de investigadores en el campo de los biomateriales en Europa. El galard\u00f3n se entreg\u00f3 en la edici\u00f3n de la ESB Conference que tuvo lugar entre el 9 y el 13 de septiembre en Dresde (Alemania).<\/p>\n\n\n\n<p>Maria Pau Ginebra es catedr\u00e1tica y Directora del Departamento de Ciencia de los Materiales e Ingenier\u00eda Metal\u00fargica de la UPC. Actualmente dirige la divisi\u00f3n de biomateriales del&nbsp;Centro de Investigaci\u00f3n en Ingenier\u00eda Biom\u00e9dica (CREB UPC)&nbsp;desde donde ha sido fundadora de la spin-off&nbsp;<a target=\"_blank\" target=\"_blank\" href=\"https:\/\/www.mimetis.com\/\" target=\"_blank\" rel=\"noreferrer noopener\">Mimetis Biomateriales<\/a>. Durante su carrera ha registrado 10 patentes y fue finalista en el Premio Europeo a la Mujer Innovadora 2018.<\/p>\n","protected":false},"excerpt":{"rendered":"<p>12\/09\/2019 La Sociedad Europea de Biomateriales galardon\u00f3 a la\u00a0Dra. Maria Pau Ginebra\u00a0con el prestigioso galard\u00f3n Klaas de Groot, que premia a los cient\u00edficos que han desarrollado<span class=\"excerpt-hellip\"> [\u2026]<\/span><\/p>\n","protected":false},"author":5,"featured_media":10090,"comment_status":"open","ping_status":"open","sticky":false,"template":"","format":"standard","meta":{"footnotes":""},"categories":[935],"tags":[],"class_list":["post-10093","post","type-post","status-publish","format-standard","has-post-thumbnail","hentry","category-noticia"],"yoast_head":"<!-- This site is optimized with the Yoast SEO plugin v27.4 - https:\/\/yoast.com\/product\/yoast-seo-wordpress\/ -->\n<title>Premio Klaas de Groot para Maria Pau Ginebra - CIT UPC<\/title>\n<meta name=\"robots\" content=\"index, follow, max-snippet:-1, max-image-preview:large, max-video-preview:-1\" \/>\n<link rel=\"canonical\" href=\"https:\/\/cit.upc.edu\/es\/premio_klaas_maria_pau_ginebra_\/\" \/>\n<meta property=\"og:locale\" content=\"es_ES\" \/>\n<meta property=\"og:type\" content=\"article\" \/>\n<meta property=\"og:title\" content=\"Premio Klaas de Groot para Maria Pau Ginebra - CIT UPC\" \/>\n<meta property=\"og:description\" content=\"12\/09\/2019 La Sociedad Europea de Biomateriales galardon\u00f3 a la\u00a0Dra. Maria Pau Ginebra\u00a0con el prestigioso galard\u00f3n Klaas de Groot, que premia a los cient\u00edficos que han desarrollado [\u2026]\" \/>\n<meta property=\"og:url\" content=\"https:\/\/cit.upc.edu\/es\/premio_klaas_maria_pau_ginebra_\/\" \/>\n<meta property=\"og:site_name\" content=\"CIT UPC\" \/>\n<meta property=\"article:publisher\" content=\"https:\/\/www.facebook.com\/cit.upc\" \/>\n<meta property=\"article:published_time\" content=\"2019-09-12T18:17:49+00:00\" \/>\n<meta property=\"article:modified_time\" content=\"2023-04-24T07:38:03+00:00\" \/>\n<meta property=\"og:image\" content=\"https:\/\/cit.upc.edu\/wp-content\/uploads\/2021\/01\/Maria-Pau-Ginebra_.png\" \/>\n\t<meta property=\"og:image:width\" content=\"584\" \/>\n\t<meta property=\"og:image:height\" content=\"822\" \/>\n\t<meta property=\"og:image:type\" content=\"image\/png\" \/>\n<meta name=\"author\" content=\"CIT UPC\" \/>\n<meta name=\"twitter:card\" content=\"summary_large_image\" \/>\n<meta name=\"twitter:creator\" content=\"@CIT_UPC\" \/>\n<meta name=\"twitter:site\" content=\"@CIT_UPC\" \/>\n<meta name=\"twitter:label1\" content=\"Escrito por\" \/>\n\t<meta name=\"twitter:data1\" content=\"CIT UPC\" \/>\n\t<meta name=\"twitter:label2\" content=\"Tiempo de lectura\" \/>\n\t<meta name=\"twitter:data2\" content=\"1 minuto\" \/>\n<script type=\"application\/ld+json\" class=\"yoast-schema-graph\">{\"@context\":\"https:\\\/\\\/schema.org\",\"@graph\":[{\"@type\":\"Article\",\"@id\":\"https:\\\/\\\/cit.upc.edu\\\/es\\\/premio_klaas_maria_pau_ginebra_\\\/#article\",\"isPartOf\":{\"@id\":\"https:\\\/\\\/cit.upc.edu\\\/es\\\/premio_klaas_maria_pau_ginebra_\\\/\"},\"author\":{\"name\":\"CIT UPC\",\"@id\":\"https:\\\/\\\/cit.upc.edu\\\/es\\\/#\\\/schema\\\/person\\\/9699f82f1a653c8a17baa3fbdf70c6b3\"},\"headline\":\"Premio Klaas de Groot para Maria Pau Ginebra\",\"datePublished\":\"2019-09-12T18:17:49+00:00\",\"dateModified\":\"2023-04-24T07:38:03+00:00\",\"mainEntityOfPage\":{\"@id\":\"https:\\\/\\\/cit.upc.edu\\\/es\\\/premio_klaas_maria_pau_ginebra_\\\/\"},\"wordCount\":173,\"commentCount\":0,\"publisher\":{\"@id\":\"https:\\\/\\\/cit.upc.edu\\\/es\\\/#organization\"},\"image\":{\"@id\":\"https:\\\/\\\/cit.upc.edu\\\/es\\\/premio_klaas_maria_pau_ginebra_\\\/#primaryimage\"},\"thumbnailUrl\":\"https:\\\/\\\/cit.upc.edu\\\/wp-content\\\/uploads\\\/2021\\\/01\\\/Maria-Pau-Ginebra_.png\",\"articleSection\":[\"Not\u00edcia\"],\"inLanguage\":\"es\",\"potentialAction\":[{\"@type\":\"CommentAction\",\"name\":\"Comment\",\"target\":[\"https:\\\/\\\/cit.upc.edu\\\/es\\\/premio_klaas_maria_pau_ginebra_\\\/#respond\"]}]},{\"@type\":\"WebPage\",\"@id\":\"https:\\\/\\\/cit.upc.edu\\\/es\\\/premio_klaas_maria_pau_ginebra_\\\/\",\"url\":\"https:\\\/\\\/cit.upc.edu\\\/es\\\/premio_klaas_maria_pau_ginebra_\\\/\",\"name\":\"Premio Klaas de Groot para Maria Pau Ginebra - CIT UPC\",\"isPartOf\":{\"@id\":\"https:\\\/\\\/cit.upc.edu\\\/es\\\/#website\"},\"primaryImageOfPage\":{\"@id\":\"https:\\\/\\\/cit.upc.edu\\\/es\\\/premio_klaas_maria_pau_ginebra_\\\/#primaryimage\"},\"image\":{\"@id\":\"https:\\\/\\\/cit.upc.edu\\\/es\\\/premio_klaas_maria_pau_ginebra_\\\/#primaryimage\"},\"thumbnailUrl\":\"https:\\\/\\\/cit.upc.edu\\\/wp-content\\\/uploads\\\/2021\\\/01\\\/Maria-Pau-Ginebra_.png\",\"datePublished\":\"2019-09-12T18:17:49+00:00\",\"dateModified\":\"2023-04-24T07:38:03+00:00\",\"breadcrumb\":{\"@id\":\"https:\\\/\\\/cit.upc.edu\\\/es\\\/premio_klaas_maria_pau_ginebra_\\\/#breadcrumb\"},\"inLanguage\":\"es\",\"potentialAction\":[{\"@type\":\"ReadAction\",\"target\":[\"https:\\\/\\\/cit.upc.edu\\\/es\\\/premio_klaas_maria_pau_ginebra_\\\/\"]}]},{\"@type\":\"ImageObject\",\"inLanguage\":\"es\",\"@id\":\"https:\\\/\\\/cit.upc.edu\\\/es\\\/premio_klaas_maria_pau_ginebra_\\\/#primaryimage\",\"url\":\"https:\\\/\\\/cit.upc.edu\\\/wp-content\\\/uploads\\\/2021\\\/01\\\/Maria-Pau-Ginebra_.png\",\"contentUrl\":\"https:\\\/\\\/cit.upc.edu\\\/wp-content\\\/uploads\\\/2021\\\/01\\\/Maria-Pau-Ginebra_.png\",\"width\":584,\"height\":822},{\"@type\":\"BreadcrumbList\",\"@id\":\"https:\\\/\\\/cit.upc.edu\\\/es\\\/premio_klaas_maria_pau_ginebra_\\\/#breadcrumb\",\"itemListElement\":[{\"@type\":\"ListItem\",\"position\":1,\"name\":\"Portada\",\"item\":\"https:\\\/\\\/cit.upc.edu\\\/es\\\/\"},{\"@type\":\"ListItem\",\"position\":2,\"name\":\"Premio Klaas de Groot para Maria Pau Ginebra\"}]},{\"@type\":\"WebSite\",\"@id\":\"https:\\\/\\\/cit.upc.edu\\\/es\\\/#website\",\"url\":\"https:\\\/\\\/cit.upc.edu\\\/es\\\/\",\"name\":\"CIT UPC\",\"description\":\"Centro de Innovaci\u00f3n y Tecnolog\u00eda\",\"publisher\":{\"@id\":\"https:\\\/\\\/cit.upc.edu\\\/es\\\/#organization\"},\"potentialAction\":[{\"@type\":\"SearchAction\",\"target\":{\"@type\":\"EntryPoint\",\"urlTemplate\":\"https:\\\/\\\/cit.upc.edu\\\/es\\\/?s={search_term_string}\"},\"query-input\":{\"@type\":\"PropertyValueSpecification\",\"valueRequired\":true,\"valueName\":\"search_term_string\"}}],\"inLanguage\":\"es\"},{\"@type\":\"Organization\",\"@id\":\"https:\\\/\\\/cit.upc.edu\\\/es\\\/#organization\",\"name\":\"CIT UPC - UPC Technology Center\",\"url\":\"https:\\\/\\\/cit.upc.edu\\\/es\\\/\",\"logo\":{\"@type\":\"ImageObject\",\"inLanguage\":\"es\",\"@id\":\"https:\\\/\\\/cit.upc.edu\\\/es\\\/#\\\/schema\\\/logo\\\/image\\\/\",\"url\":\"https:\\\/\\\/cit.upc.edu\\\/wp-content\\\/uploads\\\/2020\\\/04\\\/cropped-logo_positiu_horitzontal_2020_espanol.png\",\"contentUrl\":\"https:\\\/\\\/cit.upc.edu\\\/wp-content\\\/uploads\\\/2020\\\/04\\\/cropped-logo_positiu_horitzontal_2020_espanol.png\",\"width\":512,\"height\":512,\"caption\":\"CIT UPC - UPC Technology Center\"},\"image\":{\"@id\":\"https:\\\/\\\/cit.upc.edu\\\/es\\\/#\\\/schema\\\/logo\\\/image\\\/\"},\"sameAs\":[\"https:\\\/\\\/www.facebook.com\\\/cit.upc\",\"https:\\\/\\\/x.com\\\/CIT_UPC\",\"https:\\\/\\\/www.youtube.com\\\/user\\\/CITUPC\",\"https:\\\/\\\/www.flickr.com\\\/photos\\\/181927091@N08\",\"https:\\\/\\\/www.linkedin.com\\\/company\\\/cit-upc\\\/\",\"https:\\\/\\\/www.instagram.com\\\/cit_upc\\\/\"]},{\"@type\":\"Person\",\"@id\":\"https:\\\/\\\/cit.upc.edu\\\/es\\\/#\\\/schema\\\/person\\\/9699f82f1a653c8a17baa3fbdf70c6b3\",\"name\":\"CIT UPC\",\"image\":{\"@type\":\"ImageObject\",\"inLanguage\":\"es\",\"@id\":\"https:\\\/\\\/secure.gravatar.com\\\/avatar\\\/773f33de263f3e24e13d0ac15062b5603e70036ec7f634846fb6363f44574610?s=96&d=mm&r=g\",\"url\":\"https:\\\/\\\/secure.gravatar.com\\\/avatar\\\/773f33de263f3e24e13d0ac15062b5603e70036ec7f634846fb6363f44574610?s=96&d=mm&r=g\",\"contentUrl\":\"https:\\\/\\\/secure.gravatar.com\\\/avatar\\\/773f33de263f3e24e13d0ac15062b5603e70036ec7f634846fb6363f44574610?s=96&d=mm&r=g\",\"caption\":\"CIT UPC\"},\"url\":\"https:\\\/\\\/cit.upc.edu\\\/es\\\/author\\\/cit-upc\\\/\"}]}<\/script>\n<!-- \/ Yoast SEO plugin. -->","yoast_head_json":{"title":"Premio Klaas de Groot para Maria Pau Ginebra - CIT UPC","robots":{"index":"index","follow":"follow","max-snippet":"max-snippet:-1","max-image-preview":"max-image-preview:large","max-video-preview":"max-video-preview:-1"},"canonical":"https:\/\/cit.upc.edu\/es\/premio_klaas_maria_pau_ginebra_\/","og_locale":"es_ES","og_type":"article","og_title":"Premio Klaas de Groot para Maria Pau Ginebra - CIT UPC","og_description":"12\/09\/2019 La Sociedad Europea de Biomateriales galardon\u00f3 a la\u00a0Dra. Maria Pau Ginebra\u00a0con el prestigioso galard\u00f3n Klaas de Groot, que premia a los cient\u00edficos que han desarrollado [\u2026]","og_url":"https:\/\/cit.upc.edu\/es\/premio_klaas_maria_pau_ginebra_\/","og_site_name":"CIT UPC","article_publisher":"https:\/\/www.facebook.com\/cit.upc","article_published_time":"2019-09-12T18:17:49+00:00","article_modified_time":"2023-04-24T07:38:03+00:00","og_image":[{"width":584,"height":822,"url":"https:\/\/cit.upc.edu\/wp-content\/uploads\/2021\/01\/Maria-Pau-Ginebra_.png","type":"image\/png"}],"author":"CIT UPC","twitter_card":"summary_large_image","twitter_creator":"@CIT_UPC","twitter_site":"@CIT_UPC","twitter_misc":{"Escrito por":"CIT UPC","Tiempo de lectura":"1 minuto"},"schema":{"@context":"https:\/\/schema.org","@graph":[{"@type":"Article","@id":"https:\/\/cit.upc.edu\/es\/premio_klaas_maria_pau_ginebra_\/#article","isPartOf":{"@id":"https:\/\/cit.upc.edu\/es\/premio_klaas_maria_pau_ginebra_\/"},"author":{"name":"CIT UPC","@id":"https:\/\/cit.upc.edu\/es\/#\/schema\/person\/9699f82f1a653c8a17baa3fbdf70c6b3"},"headline":"Premio Klaas de Groot para Maria Pau Ginebra","datePublished":"2019-09-12T18:17:49+00:00","dateModified":"2023-04-24T07:38:03+00:00","mainEntityOfPage":{"@id":"https:\/\/cit.upc.edu\/es\/premio_klaas_maria_pau_ginebra_\/"},"wordCount":173,"commentCount":0,"publisher":{"@id":"https:\/\/cit.upc.edu\/es\/#organization"},"image":{"@id":"https:\/\/cit.upc.edu\/es\/premio_klaas_maria_pau_ginebra_\/#primaryimage"},"thumbnailUrl":"https:\/\/cit.upc.edu\/wp-content\/uploads\/2021\/01\/Maria-Pau-Ginebra_.png","articleSection":["Not\u00edcia"],"inLanguage":"es","potentialAction":[{"@type":"CommentAction","name":"Comment","target":["https:\/\/cit.upc.edu\/es\/premio_klaas_maria_pau_ginebra_\/#respond"]}]},{"@type":"WebPage","@id":"https:\/\/cit.upc.edu\/es\/premio_klaas_maria_pau_ginebra_\/","url":"https:\/\/cit.upc.edu\/es\/premio_klaas_maria_pau_ginebra_\/","name":"Premio Klaas de Groot para Maria Pau Ginebra - CIT UPC","isPartOf":{"@id":"https:\/\/cit.upc.edu\/es\/#website"},"primaryImageOfPage":{"@id":"https:\/\/cit.upc.edu\/es\/premio_klaas_maria_pau_ginebra_\/#primaryimage"},"image":{"@id":"https:\/\/cit.upc.edu\/es\/premio_klaas_maria_pau_ginebra_\/#primaryimage"},"thumbnailUrl":"https:\/\/cit.upc.edu\/wp-content\/uploads\/2021\/01\/Maria-Pau-Ginebra_.png","datePublished":"2019-09-12T18:17:49+00:00","dateModified":"2023-04-24T07:38:03+00:00","breadcrumb":{"@id":"https:\/\/cit.upc.edu\/es\/premio_klaas_maria_pau_ginebra_\/#breadcrumb"},"inLanguage":"es","potentialAction":[{"@type":"ReadAction","target":["https:\/\/cit.upc.edu\/es\/premio_klaas_maria_pau_ginebra_\/"]}]},{"@type":"ImageObject","inLanguage":"es","@id":"https:\/\/cit.upc.edu\/es\/premio_klaas_maria_pau_ginebra_\/#primaryimage","url":"https:\/\/cit.upc.edu\/wp-content\/uploads\/2021\/01\/Maria-Pau-Ginebra_.png","contentUrl":"https:\/\/cit.upc.edu\/wp-content\/uploads\/2021\/01\/Maria-Pau-Ginebra_.png","width":584,"height":822},{"@type":"BreadcrumbList","@id":"https:\/\/cit.upc.edu\/es\/premio_klaas_maria_pau_ginebra_\/#breadcrumb","itemListElement":[{"@type":"ListItem","position":1,"name":"Portada","item":"https:\/\/cit.upc.edu\/es\/"},{"@type":"ListItem","position":2,"name":"Premio Klaas de Groot para Maria Pau Ginebra"}]},{"@type":"WebSite","@id":"https:\/\/cit.upc.edu\/es\/#website","url":"https:\/\/cit.upc.edu\/es\/","name":"CIT UPC","description":"Centro de Innovaci\u00f3n y Tecnolog\u00eda","publisher":{"@id":"https:\/\/cit.upc.edu\/es\/#organization"},"potentialAction":[{"@type":"SearchAction","target":{"@type":"EntryPoint","urlTemplate":"https:\/\/cit.upc.edu\/es\/?s={search_term_string}"},"query-input":{"@type":"PropertyValueSpecification","valueRequired":true,"valueName":"search_term_string"}}],"inLanguage":"es"},{"@type":"Organization","@id":"https:\/\/cit.upc.edu\/es\/#organization","name":"CIT UPC - UPC Technology Center","url":"https:\/\/cit.upc.edu\/es\/","logo":{"@type":"ImageObject","inLanguage":"es","@id":"https:\/\/cit.upc.edu\/es\/#\/schema\/logo\/image\/","url":"https:\/\/cit.upc.edu\/wp-content\/uploads\/2020\/04\/cropped-logo_positiu_horitzontal_2020_espanol.png","contentUrl":"https:\/\/cit.upc.edu\/wp-content\/uploads\/2020\/04\/cropped-logo_positiu_horitzontal_2020_espanol.png","width":512,"height":512,"caption":"CIT UPC - UPC Technology Center"},"image":{"@id":"https:\/\/cit.upc.edu\/es\/#\/schema\/logo\/image\/"},"sameAs":["https:\/\/www.facebook.com\/cit.upc","https:\/\/x.com\/CIT_UPC","https:\/\/www.youtube.com\/user\/CITUPC","https:\/\/www.flickr.com\/photos\/181927091@N08","https:\/\/www.linkedin.com\/company\/cit-upc\/","https:\/\/www.instagram.com\/cit_upc\/"]},{"@type":"Person","@id":"https:\/\/cit.upc.edu\/es\/#\/schema\/person\/9699f82f1a653c8a17baa3fbdf70c6b3","name":"CIT UPC","image":{"@type":"ImageObject","inLanguage":"es","@id":"https:\/\/secure.gravatar.com\/avatar\/773f33de263f3e24e13d0ac15062b5603e70036ec7f634846fb6363f44574610?s=96&d=mm&r=g","url":"https:\/\/secure.gravatar.com\/avatar\/773f33de263f3e24e13d0ac15062b5603e70036ec7f634846fb6363f44574610?s=96&d=mm&r=g","contentUrl":"https:\/\/secure.gravatar.com\/avatar\/773f33de263f3e24e13d0ac15062b5603e70036ec7f634846fb6363f44574610?s=96&d=mm&r=g","caption":"CIT UPC"},"url":"https:\/\/cit.upc.edu\/es\/author\/cit-upc\/"}]}},"_links":{"self":[{"href":"https:\/\/cit.upc.edu\/es\/wp-json\/wp\/v2\/posts\/10093","targetHints":{"allow":["GET"]}}],"collection":[{"href":"https:\/\/cit.upc.edu\/es\/wp-json\/wp\/v2\/posts"}],"about":[{"href":"https:\/\/cit.upc.edu\/es\/wp-json\/wp\/v2\/types\/post"}],"author":[{"embeddable":true,"href":"https:\/\/cit.upc.edu\/es\/wp-json\/wp\/v2\/users\/5"}],"replies":[{"embeddable":true,"href":"https:\/\/cit.upc.edu\/es\/wp-json\/wp\/v2\/comments?post=10093"}],"version-history":[{"count":2,"href":"https:\/\/cit.upc.edu\/es\/wp-json\/wp\/v2\/posts\/10093\/revisions"}],"predecessor-version":[{"id":22764,"href":"https:\/\/cit.upc.edu\/es\/wp-json\/wp\/v2\/posts\/10093\/revisions\/22764"}],"wp:featuredmedia":[{"embeddable":true,"href":"https:\/\/cit.upc.edu\/es\/wp-json\/wp\/v2\/media\/10090"}],"wp:attachment":[{"href":"https:\/\/cit.upc.edu\/es\/wp-json\/wp\/v2\/media?parent=10093"}],"wp:term":[{"taxonomy":"category","embeddable":true,"href":"https:\/\/cit.upc.edu\/es\/wp-json\/wp\/v2\/categories?post=10093"},{"taxonomy":"post_tag","embeddable":true,"href":"https:\/\/cit.upc.edu\/es\/wp-json\/wp\/v2\/tags?post=10093"}],"curies":[{"name":"wp","href":"https:\/\/api.w.org\/{rel}","templated":true}]}}