{"id":26507,"date":"2024-11-12T09:06:41","date_gmt":"2024-11-12T09:06:41","guid":{"rendered":"https:\/\/cit.upc.edu\/?p=26507"},"modified":"2024-11-13T08:35:55","modified_gmt":"2024-11-13T08:35:55","slug":"la-upc-en-el-smart-city-expo-world-congress-y-en-el-barcelona-deep-tech-summit","status":"publish","type":"post","link":"https:\/\/cit.upc.edu\/es\/la-upc-en-el-smart-city-expo-world-congress-y-en-el-barcelona-deep-tech-summit\/","title":{"rendered":"La UPC, en el Smart City Expo World Congress y en el Barcelona Deep Tech Summit"},"content":{"rendered":"\n<p><\/p>\n\n\n\n<p>12\/11\/2024<br>Project Header<br>right<br>right<br>no-repeat;left top;;<br>auto<br>20px<br><br><h4>Un a\u00f1o m\u00e1s, la UPC particip\u00f3 en el Smart City Expo World Congress, del 5 al 7 de noviembre en Barcelona. Adem\u00e1s de presentar los \u00faltimos avances en innovaci\u00f3n urbana, la Universidad y su ecosistema emprendedor tuvieron una presencia destacada en el Barcelona Deep Tech Summit, con m\u00e1s de 10 \u2018start-ups\u2019 y \u2018spin-offs\u2019 que exhibieron tecnolog\u00eda disruptiva.<\/h4><br>Project Header<br>no-repeat;left top;;<br>auto<br>20px<br><br><br>Un coche equipado con IA y sensores \u00f3pticos para mejorar la conducci\u00f3n aut\u00f3noma, boyas para mejorar la observaci\u00f3n y el monitoreo del mar, y un proyecto para crear una nueva generaci\u00f3n de autobuses europeos de alto rendimiento, urbanos y periurbanos, totalmente el\u00e9ctricos. Estos fueron algunos de los <a target=\"_blank\" target=\"_blank\" href=\"https:\/\/smartcity.cit.upc.edu\/\" target=\"_blank\" rel=\"noopener\">proyectos innovadores<\/a> que la Universitat Polit\u00e8cnica de Catalunya &#8211; BarcelonaTech (UPC), a trav\u00e9s del Centro de Innovaci\u00f3n y Tecnolog\u00eda (CIT UPC), present\u00f3 en el sal\u00f3n del <a target=\"_blank\" target=\"_blank\" href=\"https:\/\/www.smartcityexpo.com\/\" target=\"_blank\" rel=\"noopener\">Smart City Expo World Congress (SCEWC24)<\/a>.<br><br>En el stand n\u00famero 33 \u2212ubicado en el Hall P3, Nivel 0, Calle B, de Fira de Barcelona-Gran V\u00eda\u2212, la Universidad tambi\u00e9n expuso otras iniciativas y capacidades tecnol\u00f3gicas en \u00e1reas como tecnolog\u00edas facilitadoras, energ\u00eda y medio ambiente, movilidad, gobernanza y econom\u00eda, vida e inclusi\u00f3n, infraestructuras y edificaci\u00f3n, y econom\u00eda azul.<br><br>Entre las innovaciones destacadas se present\u00f3 un coche de bajas emisiones equipado con un sistema de IA y sensores \u00f3pticos que permiti\u00f3 recopilar miles de datos para mejorar la conducci\u00f3n aut\u00f3noma. Este fue desarrollado por el <a target=\"_blank\" target=\"_blank\" href=\"https:\/\/www.cd6.upc.edu\/\" target=\"_blank\" rel=\"noopener\">Centro de Desarrollo de Sensores, Instrumentos y Sistemas (CD6)<\/a>.<br><br>El nuevo modelo de boyas de bajo costo y bajo consumo energ\u00e9tico mejor\u00f3 los sistemas de observaci\u00f3n y monitoreo del mar en zonas costeras y oce\u00e1nicas. Pudo ser utilizado en todos los entornos acu\u00e1ticos, desde el mar profundo hasta aguas interiores, incluyendo zonas costeras, plumas de r\u00edos y zonas de rompientes de olas. Fue desarrollado por el <a target=\"_blank\" target=\"_blank\" href=\"https:\/\/sarti.webs.upc.edu\/web_v2\/\" target=\"_blank\" rel=\"noopener\">Centro de Desarrollo Tecnol\u00f3gico de Sistemas de Adquisici\u00f3n Remota y Tratamiento de la Informaci\u00f3n (SARTI)<\/a>.<br><br>En cuanto al proyecto eBRT2030 (European Bus Rapid Transit of 2030: Electrified, Automated, Connected), fue una nueva generaci\u00f3n de autobuses de alto rendimiento para hacer el transporte urbano m\u00e1s sostenible y respetuoso con el medio ambiente, y reducir el costo por kil\u00f3metro y pasajero, el TCO (Costo Total de Propiedad), las emisiones de gases de efecto invernadero y la congesti\u00f3n del tr\u00e1fico. En el proyecto participaron el grupo de investigaci\u00f3n BIT (Barcelona Innovative Transportation) y el laboratorio de innovaci\u00f3n e investigaci\u00f3n de la Facultad de Inform\u00e1tica de Barcelona (inLab FIB).<br><br>Entre las actividades de la feria, destacaron las <a target=\"_blank\" target=\"_blank\" href=\"https:\/\/smartcity.cit.upc.edu\/events\/\" target=\"_blank\" rel=\"noopener\">sesiones organizadas por la UPC<\/a>, como la sesi\u00f3n de Matchmaking Doctoral Industrial. El objetivo de la sesi\u00f3n fue presentar el programa de Doctorados Industriales como un veh\u00edculo para la transferencia de tecnolog\u00eda entre la universidad y la empresa. Algunos grupos de investigaci\u00f3n de la UPC presentaron sus l\u00edneas de investigaci\u00f3n y posibles aplicaciones a la industria en \u00e1reas como simulaciones y modelos computacionales, electr\u00f3nica y energ\u00eda, realidad virtual y aumentada, ciberseguridad y privacidad, y \u00f3ptica e ingenier\u00eda fot\u00f3nica.<br><br>Tambi\u00e9n se organiz\u00f3 una Breakout Session en el marco del Congreso sobre redes inteligentes y tecnolog\u00edas de hidr\u00f3geno, y una Pitch Session sobre el veh\u00edculo aut\u00f3nomo.<br><br>\u00a0<br><br>El ecosistema emprendedor deep tech de la UPCPor otra parte, m\u00e1s de 10 \u2018start-ups\u2019 y \u2018spin-offs\u2019 nacidas en la UPC estuvieron presentes en el Barcelona Deep Tech Summit, el congreso pionero en \u2018start-ups\u2019 de tecnolog\u00eda avanzada, que este a\u00f1o se integr\u00f3 en el sal\u00f3n y fue un gran escaparate de las innovaciones surgidas en universidades y centros de investigaci\u00f3n. Se presentaron soluciones a cuatro grandes desaf\u00edos globales: la transici\u00f3n energ\u00e9tica y sostenibilidad, la industria 4.0 y movilidad, la salud digital y el espacio.<br><br>En el stand de la UPC estuvieron presentes las \u2018spin-offs\u2019 Process Talks, TeknoCEA, Virmedex y Power DIW, y otras \u2018start-ups\u2019 vinculadas al ecosistema UPC tambi\u00e9n tuvieron presencia en otros stands del sal\u00f3n.<br><br>Participaci\u00f3n del Fractus-UPC Deep Tech HubLa empresa Fractus, una de las primeras \u2018spin-offs\u2019 surgidas de la Universidad y pionera en la creaci\u00f3n de tecnolog\u00eda de antenas, particip\u00f3 en las sesiones de matching corporaciones con \u2018start-ups\u2019 el 5 de noviembre, por la ma\u00f1ana, en el Conectio Event. Esta empresa hab\u00eda impulsado con la UPC el <a target=\"_blank\" target=\"_blank\" href=\"https:\/\/ca.deeptech-hub-fractus.upc.edu\/\" target=\"_blank\" rel=\"noopener\">Fractus-UPC Deep Tech Hub<\/a>, un ecosistema que fomentaba la innovaci\u00f3n, la colaboraci\u00f3n y el emprendimiento en el campo de las tecnolog\u00edas profundas, conocidas como tecnolog\u00edas \u2018deep tech\u2019.<br><br>Otras \u2018start-ups\u2019 y \u2018spin-offs\u2019 del ecosistema emprendedor de la UPC tambi\u00e9n participaron en m\u00faltiples actividades programadas como el Pitch Corner, mesas redondas y charlas: <a target=\"_blank\" target=\"_blank\" href=\"https:\/\/barcelonadeeptechsummit.com\/agenda\" target=\"_blank\" rel=\"noopener\">https:\/\/barcelonadeeptechsummit.com\/agenda<\/a>.<br><br>\u00a0<br><br>Las tecnolog\u00edas deep tech en un nuevo cap\u00edtulo de AlgorrritmesAdem\u00e1s, la UPC public\u00f3 un nuevo cap\u00edtulo de la serie Algorrritmes sobre tecnolog\u00edas \u2018deep tech\u2019, tecnolog\u00edas con el poder de cambiar el mundo, con Carles Puente, profesor de la Escuela de Telecomunicaciones de Barcelona (ETSETB) de la UPC y cofundador de Fractus, y Eneko Ibarlucea, reci\u00e9n titulado del m\u00e1ster universitario en Ingenier\u00eda de Telecomunicaciones en la UPC y que actualmente se hab\u00eda incorporado a Fractus.<br>Main Text<br>no-repeat;left top;;<br>auto<br><br><br><img decoding=\"async\" src=\"https:\/\/cit.upc.edu\/wp-content\/uploads\/2024\/11\/IMG_20241105_104435-scaled.jpg#26527\" alt=\"IMG_20241105_104435\"><br>full<br><a target=\"_blank\" target=\"_blank\" href=\"https:\/\/smartcity.cit.upc.edu\/photo-gallery-of-the-event\/\">https:\/\/smartcity.cit.upc.edu\/photo-gallery-of-the-event\/<\/a><br>center<br><br>20px<br>hide<br><br>Ver la galer\u00eda de im\u00e1genes del evento<br><a target=\"_blank\" target=\"_blank\" href=\"https:\/\/smartcity.cit.upc.edu\/photo-gallery-of-the-event\/\">https:\/\/smartcity.cit.upc.edu\/photo-gallery-of-the-event\/<\/a><br>fas fa-chevron-right<br>right<br>3<br>center<br>hide<br><br><h5>\u00bfQuieres saber m\u00e1s?<\/h5><br>Contact Button<br>no-repeat;left top;;<br>auto<br>0px<br><br><hr class=\"no_line\" style=\"margin: 0 auto 0px auto\"\/>\n <a class=\"button  button_size_2\" href=\"\"         title=\"\"><span class=\"button_label\">Button<\/span><\/a>\n <hr class=\"no_line\" style=\"margin: 0 auto 0px auto\"\/>\n <a class=\"button  button_size_2\" href=\"\"         title=\"\"><span class=\"button_label\">Button<\/span><\/a>\n<br>no-repeat;left top;;<br>auto<br><br>50<br><br><h4>Projectes Relacionats<\/h4><br>Proyectos Relacionados<br>no-repeat;left top;;<br>auto<br><br>4<br>grid<br>4<br>date<br>DESC<br>23607<br><br><\/p>\n","protected":false},"excerpt":{"rendered":"<p>Un a\u00f1o m\u00e1s, la UPC particip\u00f3 en el Smart City Expo World Congress, del 5 al 7 de noviembre en Barcelona. Adem\u00e1s de presentar los \u00faltimos avances en innovaci\u00f3n urbana, la Universidad y su ecosistema emprendedor tuvieron una presencia destacada en el Barcelona Deep Tech Summit, con m\u00e1s de 10 \u2018start-ups\u2019 y \u2018spin-offs\u2019 que exhibieron tecnolog\u00eda disruptiva.<\/p>\n","protected":false},"author":5,"featured_media":26527,"comment_status":"closed","ping_status":"open","sticky":false,"template":"","format":"standard","meta":{"footnotes":""},"categories":[935],"tags":[1106],"class_list":["post-26507","post","type-post","status-publish","format-standard","has-post-thumbnail","hentry","category-noticia","tag-scewc23-2"],"yoast_head":"<!-- This site is optimized with the Yoast SEO plugin v27.5 - https:\/\/yoast.com\/product\/yoast-seo-wordpress\/ -->\n<title>La UPC, en el SCEWC24 y en el Barcelona Deep Tech Summit - CIT UPC<\/title>\n<meta name=\"description\" content=\"Un a\u00f1o m\u00e1s, la UPC particip\u00f3 en el Smart City Expo World Congress, del 5 al 7 de noviembre en Barcelona. Adem\u00e1s de presentar los \u00faltimos avances en innovaci\u00f3n urbana, la Universidad y su ecosistema emprendedor tuvieron una presencia destacada en el Barcelona Deep Tech Summit, con m\u00e1s de 10 \u2018start-ups\u2019 y \u2018spin-offs\u2019 que exhibieron tecnolog\u00eda disruptiva.\" \/>\n<meta name=\"robots\" content=\"index, follow, max-snippet:-1, max-image-preview:large, max-video-preview:-1\" \/>\n<link rel=\"canonical\" href=\"https:\/\/cit.upc.edu\/es\/la-upc-en-el-smart-city-expo-world-congress-y-en-el-barcelona-deep-tech-summit\/\" \/>\n<meta property=\"og:locale\" content=\"es_ES\" \/>\n<meta property=\"og:type\" content=\"article\" \/>\n<meta property=\"og:title\" content=\"La UPC, en el SCEWC24 y en el Barcelona Deep Tech Summit - CIT UPC\" \/>\n<meta property=\"og:description\" content=\"Un a\u00f1o m\u00e1s, la UPC particip\u00f3 en el Smart City Expo World Congress, del 5 al 7 de noviembre en Barcelona. Adem\u00e1s de presentar los \u00faltimos avances en innovaci\u00f3n urbana, la Universidad y su ecosistema emprendedor tuvieron una presencia destacada en el Barcelona Deep Tech Summit, con m\u00e1s de 10 \u2018start-ups\u2019 y \u2018spin-offs\u2019 que exhibieron tecnolog\u00eda disruptiva.\" \/>\n<meta property=\"og:url\" content=\"https:\/\/cit.upc.edu\/es\/la-upc-en-el-smart-city-expo-world-congress-y-en-el-barcelona-deep-tech-summit\/\" \/>\n<meta property=\"og:site_name\" content=\"CIT UPC\" \/>\n<meta property=\"article:publisher\" content=\"https:\/\/www.facebook.com\/cit.upc\" \/>\n<meta property=\"article:published_time\" content=\"2024-11-12T09:06:41+00:00\" \/>\n<meta property=\"article:modified_time\" content=\"2024-11-13T08:35:55+00:00\" \/>\n<meta property=\"og:image\" content=\"https:\/\/cit.upc.edu\/wp-content\/uploads\/2024\/11\/IMG_20241105_104435-scaled.jpg\" \/>\n\t<meta property=\"og:image:width\" content=\"2560\" \/>\n\t<meta property=\"og:image:height\" content=\"1920\" \/>\n\t<meta property=\"og:image:type\" content=\"image\/jpeg\" \/>\n<meta name=\"author\" content=\"CIT UPC\" \/>\n<meta name=\"twitter:card\" content=\"summary_large_image\" \/>\n<meta name=\"twitter:creator\" content=\"@CIT_UPC\" \/>\n<meta name=\"twitter:site\" content=\"@CIT_UPC\" \/>\n<meta name=\"twitter:label1\" content=\"Escrito por\" \/>\n\t<meta name=\"twitter:data1\" content=\"CIT UPC\" \/>\n\t<meta name=\"twitter:label2\" content=\"Tiempo de lectura\" \/>\n\t<meta name=\"twitter:data2\" content=\"5 minutos\" \/>\n<script type=\"application\/ld+json\" class=\"yoast-schema-graph\">{\"@context\":\"https:\\\/\\\/schema.org\",\"@graph\":[{\"@type\":\"Article\",\"@id\":\"https:\\\/\\\/cit.upc.edu\\\/es\\\/la-upc-en-el-smart-city-expo-world-congress-y-en-el-barcelona-deep-tech-summit\\\/#article\",\"isPartOf\":{\"@id\":\"https:\\\/\\\/cit.upc.edu\\\/es\\\/la-upc-en-el-smart-city-expo-world-congress-y-en-el-barcelona-deep-tech-summit\\\/\"},\"author\":{\"name\":\"CIT UPC\",\"@id\":\"https:\\\/\\\/cit.upc.edu\\\/es\\\/#\\\/schema\\\/person\\\/9699f82f1a653c8a17baa3fbdf70c6b3\"},\"headline\":\"La UPC, en el Smart City Expo World Congress y en el Barcelona Deep Tech Summit\",\"datePublished\":\"2024-11-12T09:06:41+00:00\",\"dateModified\":\"2024-11-13T08:35:55+00:00\",\"mainEntityOfPage\":{\"@id\":\"https:\\\/\\\/cit.upc.edu\\\/es\\\/la-upc-en-el-smart-city-expo-world-congress-y-en-el-barcelona-deep-tech-summit\\\/\"},\"wordCount\":1029,\"publisher\":{\"@id\":\"https:\\\/\\\/cit.upc.edu\\\/es\\\/#organization\"},\"image\":{\"@id\":\"https:\\\/\\\/cit.upc.edu\\\/es\\\/la-upc-en-el-smart-city-expo-world-congress-y-en-el-barcelona-deep-tech-summit\\\/#primaryimage\"},\"thumbnailUrl\":\"https:\\\/\\\/cit.upc.edu\\\/wp-content\\\/uploads\\\/2024\\\/11\\\/IMG_20241105_104435-scaled.jpg\",\"keywords\":[\"SCEWC23\"],\"articleSection\":[\"Not\u00edcia\"],\"inLanguage\":\"es\"},{\"@type\":\"WebPage\",\"@id\":\"https:\\\/\\\/cit.upc.edu\\\/es\\\/la-upc-en-el-smart-city-expo-world-congress-y-en-el-barcelona-deep-tech-summit\\\/\",\"url\":\"https:\\\/\\\/cit.upc.edu\\\/es\\\/la-upc-en-el-smart-city-expo-world-congress-y-en-el-barcelona-deep-tech-summit\\\/\",\"name\":\"La UPC, en el SCEWC24 y en el Barcelona Deep Tech Summit - CIT UPC\",\"isPartOf\":{\"@id\":\"https:\\\/\\\/cit.upc.edu\\\/es\\\/#website\"},\"primaryImageOfPage\":{\"@id\":\"https:\\\/\\\/cit.upc.edu\\\/es\\\/la-upc-en-el-smart-city-expo-world-congress-y-en-el-barcelona-deep-tech-summit\\\/#primaryimage\"},\"image\":{\"@id\":\"https:\\\/\\\/cit.upc.edu\\\/es\\\/la-upc-en-el-smart-city-expo-world-congress-y-en-el-barcelona-deep-tech-summit\\\/#primaryimage\"},\"thumbnailUrl\":\"https:\\\/\\\/cit.upc.edu\\\/wp-content\\\/uploads\\\/2024\\\/11\\\/IMG_20241105_104435-scaled.jpg\",\"datePublished\":\"2024-11-12T09:06:41+00:00\",\"dateModified\":\"2024-11-13T08:35:55+00:00\",\"description\":\"Un a\u00f1o m\u00e1s, la UPC particip\u00f3 en el Smart City Expo World Congress, del 5 al 7 de noviembre en Barcelona. Adem\u00e1s de presentar los \u00faltimos avances en innovaci\u00f3n urbana, la Universidad y su ecosistema emprendedor tuvieron una presencia destacada en el Barcelona Deep Tech Summit, con m\u00e1s de 10 \u2018start-ups\u2019 y \u2018spin-offs\u2019 que exhibieron tecnolog\u00eda disruptiva.\",\"breadcrumb\":{\"@id\":\"https:\\\/\\\/cit.upc.edu\\\/es\\\/la-upc-en-el-smart-city-expo-world-congress-y-en-el-barcelona-deep-tech-summit\\\/#breadcrumb\"},\"inLanguage\":\"es\",\"potentialAction\":[{\"@type\":\"ReadAction\",\"target\":[\"https:\\\/\\\/cit.upc.edu\\\/es\\\/la-upc-en-el-smart-city-expo-world-congress-y-en-el-barcelona-deep-tech-summit\\\/\"]}]},{\"@type\":\"ImageObject\",\"inLanguage\":\"es\",\"@id\":\"https:\\\/\\\/cit.upc.edu\\\/es\\\/la-upc-en-el-smart-city-expo-world-congress-y-en-el-barcelona-deep-tech-summit\\\/#primaryimage\",\"url\":\"https:\\\/\\\/cit.upc.edu\\\/wp-content\\\/uploads\\\/2024\\\/11\\\/IMG_20241105_104435-scaled.jpg\",\"contentUrl\":\"https:\\\/\\\/cit.upc.edu\\\/wp-content\\\/uploads\\\/2024\\\/11\\\/IMG_20241105_104435-scaled.jpg\",\"width\":2560,\"height\":1920},{\"@type\":\"BreadcrumbList\",\"@id\":\"https:\\\/\\\/cit.upc.edu\\\/es\\\/la-upc-en-el-smart-city-expo-world-congress-y-en-el-barcelona-deep-tech-summit\\\/#breadcrumb\",\"itemListElement\":[{\"@type\":\"ListItem\",\"position\":1,\"name\":\"Portada\",\"item\":\"https:\\\/\\\/cit.upc.edu\\\/es\\\/\"},{\"@type\":\"ListItem\",\"position\":2,\"name\":\"La UPC, en el Smart City Expo World Congress y en el Barcelona Deep Tech Summit\"}]},{\"@type\":\"WebSite\",\"@id\":\"https:\\\/\\\/cit.upc.edu\\\/es\\\/#website\",\"url\":\"https:\\\/\\\/cit.upc.edu\\\/es\\\/\",\"name\":\"CIT UPC\",\"description\":\"Centro de Innovaci\u00f3n y Tecnolog\u00eda\",\"publisher\":{\"@id\":\"https:\\\/\\\/cit.upc.edu\\\/es\\\/#organization\"},\"potentialAction\":[{\"@type\":\"SearchAction\",\"target\":{\"@type\":\"EntryPoint\",\"urlTemplate\":\"https:\\\/\\\/cit.upc.edu\\\/es\\\/?s={search_term_string}\"},\"query-input\":{\"@type\":\"PropertyValueSpecification\",\"valueRequired\":true,\"valueName\":\"search_term_string\"}}],\"inLanguage\":\"es\"},{\"@type\":\"Organization\",\"@id\":\"https:\\\/\\\/cit.upc.edu\\\/es\\\/#organization\",\"name\":\"CIT UPC - UPC Technology Center\",\"url\":\"https:\\\/\\\/cit.upc.edu\\\/es\\\/\",\"logo\":{\"@type\":\"ImageObject\",\"inLanguage\":\"es\",\"@id\":\"https:\\\/\\\/cit.upc.edu\\\/es\\\/#\\\/schema\\\/logo\\\/image\\\/\",\"url\":\"https:\\\/\\\/cit.upc.edu\\\/wp-content\\\/uploads\\\/2020\\\/04\\\/cropped-logo_positiu_horitzontal_2020_espanol.png\",\"contentUrl\":\"https:\\\/\\\/cit.upc.edu\\\/wp-content\\\/uploads\\\/2020\\\/04\\\/cropped-logo_positiu_horitzontal_2020_espanol.png\",\"width\":512,\"height\":512,\"caption\":\"CIT UPC - UPC Technology Center\"},\"image\":{\"@id\":\"https:\\\/\\\/cit.upc.edu\\\/es\\\/#\\\/schema\\\/logo\\\/image\\\/\"},\"sameAs\":[\"https:\\\/\\\/www.facebook.com\\\/cit.upc\",\"https:\\\/\\\/x.com\\\/CIT_UPC\",\"https:\\\/\\\/www.youtube.com\\\/user\\\/CITUPC\",\"https:\\\/\\\/www.flickr.com\\\/photos\\\/181927091@N08\",\"https:\\\/\\\/www.linkedin.com\\\/company\\\/cit-upc\\\/\",\"https:\\\/\\\/www.instagram.com\\\/cit_upc\\\/\"]},{\"@type\":\"Person\",\"@id\":\"https:\\\/\\\/cit.upc.edu\\\/es\\\/#\\\/schema\\\/person\\\/9699f82f1a653c8a17baa3fbdf70c6b3\",\"name\":\"CIT UPC\",\"image\":{\"@type\":\"ImageObject\",\"inLanguage\":\"es\",\"@id\":\"https:\\\/\\\/secure.gravatar.com\\\/avatar\\\/773f33de263f3e24e13d0ac15062b5603e70036ec7f634846fb6363f44574610?s=96&d=mm&r=g\",\"url\":\"https:\\\/\\\/secure.gravatar.com\\\/avatar\\\/773f33de263f3e24e13d0ac15062b5603e70036ec7f634846fb6363f44574610?s=96&d=mm&r=g\",\"contentUrl\":\"https:\\\/\\\/secure.gravatar.com\\\/avatar\\\/773f33de263f3e24e13d0ac15062b5603e70036ec7f634846fb6363f44574610?s=96&d=mm&r=g\",\"caption\":\"CIT UPC\"},\"url\":\"https:\\\/\\\/cit.upc.edu\\\/es\\\/author\\\/cit-upc\\\/\"}]}<\/script>\n<!-- \/ Yoast SEO plugin. -->","yoast_head_json":{"title":"La UPC, en el SCEWC24 y en el Barcelona Deep Tech Summit - CIT UPC","description":"Un a\u00f1o m\u00e1s, la UPC particip\u00f3 en el Smart City Expo World Congress, del 5 al 7 de noviembre en Barcelona. Adem\u00e1s de presentar los \u00faltimos avances en innovaci\u00f3n urbana, la Universidad y su ecosistema emprendedor tuvieron una presencia destacada en el Barcelona Deep Tech Summit, con m\u00e1s de 10 \u2018start-ups\u2019 y \u2018spin-offs\u2019 que exhibieron tecnolog\u00eda disruptiva.","robots":{"index":"index","follow":"follow","max-snippet":"max-snippet:-1","max-image-preview":"max-image-preview:large","max-video-preview":"max-video-preview:-1"},"canonical":"https:\/\/cit.upc.edu\/es\/la-upc-en-el-smart-city-expo-world-congress-y-en-el-barcelona-deep-tech-summit\/","og_locale":"es_ES","og_type":"article","og_title":"La UPC, en el SCEWC24 y en el Barcelona Deep Tech Summit - CIT UPC","og_description":"Un a\u00f1o m\u00e1s, la UPC particip\u00f3 en el Smart City Expo World Congress, del 5 al 7 de noviembre en Barcelona. Adem\u00e1s de presentar los \u00faltimos avances en innovaci\u00f3n urbana, la Universidad y su ecosistema emprendedor tuvieron una presencia destacada en el Barcelona Deep Tech Summit, con m\u00e1s de 10 \u2018start-ups\u2019 y \u2018spin-offs\u2019 que exhibieron tecnolog\u00eda disruptiva.","og_url":"https:\/\/cit.upc.edu\/es\/la-upc-en-el-smart-city-expo-world-congress-y-en-el-barcelona-deep-tech-summit\/","og_site_name":"CIT UPC","article_publisher":"https:\/\/www.facebook.com\/cit.upc","article_published_time":"2024-11-12T09:06:41+00:00","article_modified_time":"2024-11-13T08:35:55+00:00","og_image":[{"width":2560,"height":1920,"url":"https:\/\/cit.upc.edu\/wp-content\/uploads\/2024\/11\/IMG_20241105_104435-scaled.jpg","type":"image\/jpeg"}],"author":"CIT UPC","twitter_card":"summary_large_image","twitter_creator":"@CIT_UPC","twitter_site":"@CIT_UPC","twitter_misc":{"Escrito por":"CIT UPC","Tiempo de lectura":"5 minutos"},"schema":{"@context":"https:\/\/schema.org","@graph":[{"@type":"Article","@id":"https:\/\/cit.upc.edu\/es\/la-upc-en-el-smart-city-expo-world-congress-y-en-el-barcelona-deep-tech-summit\/#article","isPartOf":{"@id":"https:\/\/cit.upc.edu\/es\/la-upc-en-el-smart-city-expo-world-congress-y-en-el-barcelona-deep-tech-summit\/"},"author":{"name":"CIT UPC","@id":"https:\/\/cit.upc.edu\/es\/#\/schema\/person\/9699f82f1a653c8a17baa3fbdf70c6b3"},"headline":"La UPC, en el Smart City Expo World Congress y en el Barcelona Deep Tech Summit","datePublished":"2024-11-12T09:06:41+00:00","dateModified":"2024-11-13T08:35:55+00:00","mainEntityOfPage":{"@id":"https:\/\/cit.upc.edu\/es\/la-upc-en-el-smart-city-expo-world-congress-y-en-el-barcelona-deep-tech-summit\/"},"wordCount":1029,"publisher":{"@id":"https:\/\/cit.upc.edu\/es\/#organization"},"image":{"@id":"https:\/\/cit.upc.edu\/es\/la-upc-en-el-smart-city-expo-world-congress-y-en-el-barcelona-deep-tech-summit\/#primaryimage"},"thumbnailUrl":"https:\/\/cit.upc.edu\/wp-content\/uploads\/2024\/11\/IMG_20241105_104435-scaled.jpg","keywords":["SCEWC23"],"articleSection":["Not\u00edcia"],"inLanguage":"es"},{"@type":"WebPage","@id":"https:\/\/cit.upc.edu\/es\/la-upc-en-el-smart-city-expo-world-congress-y-en-el-barcelona-deep-tech-summit\/","url":"https:\/\/cit.upc.edu\/es\/la-upc-en-el-smart-city-expo-world-congress-y-en-el-barcelona-deep-tech-summit\/","name":"La UPC, en el SCEWC24 y en el Barcelona Deep Tech Summit - CIT UPC","isPartOf":{"@id":"https:\/\/cit.upc.edu\/es\/#website"},"primaryImageOfPage":{"@id":"https:\/\/cit.upc.edu\/es\/la-upc-en-el-smart-city-expo-world-congress-y-en-el-barcelona-deep-tech-summit\/#primaryimage"},"image":{"@id":"https:\/\/cit.upc.edu\/es\/la-upc-en-el-smart-city-expo-world-congress-y-en-el-barcelona-deep-tech-summit\/#primaryimage"},"thumbnailUrl":"https:\/\/cit.upc.edu\/wp-content\/uploads\/2024\/11\/IMG_20241105_104435-scaled.jpg","datePublished":"2024-11-12T09:06:41+00:00","dateModified":"2024-11-13T08:35:55+00:00","description":"Un a\u00f1o m\u00e1s, la UPC particip\u00f3 en el Smart City Expo World Congress, del 5 al 7 de noviembre en Barcelona. Adem\u00e1s de presentar los \u00faltimos avances en innovaci\u00f3n urbana, la Universidad y su ecosistema emprendedor tuvieron una presencia destacada en el Barcelona Deep Tech Summit, con m\u00e1s de 10 \u2018start-ups\u2019 y \u2018spin-offs\u2019 que exhibieron tecnolog\u00eda disruptiva.","breadcrumb":{"@id":"https:\/\/cit.upc.edu\/es\/la-upc-en-el-smart-city-expo-world-congress-y-en-el-barcelona-deep-tech-summit\/#breadcrumb"},"inLanguage":"es","potentialAction":[{"@type":"ReadAction","target":["https:\/\/cit.upc.edu\/es\/la-upc-en-el-smart-city-expo-world-congress-y-en-el-barcelona-deep-tech-summit\/"]}]},{"@type":"ImageObject","inLanguage":"es","@id":"https:\/\/cit.upc.edu\/es\/la-upc-en-el-smart-city-expo-world-congress-y-en-el-barcelona-deep-tech-summit\/#primaryimage","url":"https:\/\/cit.upc.edu\/wp-content\/uploads\/2024\/11\/IMG_20241105_104435-scaled.jpg","contentUrl":"https:\/\/cit.upc.edu\/wp-content\/uploads\/2024\/11\/IMG_20241105_104435-scaled.jpg","width":2560,"height":1920},{"@type":"BreadcrumbList","@id":"https:\/\/cit.upc.edu\/es\/la-upc-en-el-smart-city-expo-world-congress-y-en-el-barcelona-deep-tech-summit\/#breadcrumb","itemListElement":[{"@type":"ListItem","position":1,"name":"Portada","item":"https:\/\/cit.upc.edu\/es\/"},{"@type":"ListItem","position":2,"name":"La UPC, en el Smart City Expo World Congress y en el Barcelona Deep Tech Summit"}]},{"@type":"WebSite","@id":"https:\/\/cit.upc.edu\/es\/#website","url":"https:\/\/cit.upc.edu\/es\/","name":"CIT UPC","description":"Centro de Innovaci\u00f3n y Tecnolog\u00eda","publisher":{"@id":"https:\/\/cit.upc.edu\/es\/#organization"},"potentialAction":[{"@type":"SearchAction","target":{"@type":"EntryPoint","urlTemplate":"https:\/\/cit.upc.edu\/es\/?s={search_term_string}"},"query-input":{"@type":"PropertyValueSpecification","valueRequired":true,"valueName":"search_term_string"}}],"inLanguage":"es"},{"@type":"Organization","@id":"https:\/\/cit.upc.edu\/es\/#organization","name":"CIT UPC - UPC Technology Center","url":"https:\/\/cit.upc.edu\/es\/","logo":{"@type":"ImageObject","inLanguage":"es","@id":"https:\/\/cit.upc.edu\/es\/#\/schema\/logo\/image\/","url":"https:\/\/cit.upc.edu\/wp-content\/uploads\/2020\/04\/cropped-logo_positiu_horitzontal_2020_espanol.png","contentUrl":"https:\/\/cit.upc.edu\/wp-content\/uploads\/2020\/04\/cropped-logo_positiu_horitzontal_2020_espanol.png","width":512,"height":512,"caption":"CIT UPC - UPC Technology Center"},"image":{"@id":"https:\/\/cit.upc.edu\/es\/#\/schema\/logo\/image\/"},"sameAs":["https:\/\/www.facebook.com\/cit.upc","https:\/\/x.com\/CIT_UPC","https:\/\/www.youtube.com\/user\/CITUPC","https:\/\/www.flickr.com\/photos\/181927091@N08","https:\/\/www.linkedin.com\/company\/cit-upc\/","https:\/\/www.instagram.com\/cit_upc\/"]},{"@type":"Person","@id":"https:\/\/cit.upc.edu\/es\/#\/schema\/person\/9699f82f1a653c8a17baa3fbdf70c6b3","name":"CIT UPC","image":{"@type":"ImageObject","inLanguage":"es","@id":"https:\/\/secure.gravatar.com\/avatar\/773f33de263f3e24e13d0ac15062b5603e70036ec7f634846fb6363f44574610?s=96&d=mm&r=g","url":"https:\/\/secure.gravatar.com\/avatar\/773f33de263f3e24e13d0ac15062b5603e70036ec7f634846fb6363f44574610?s=96&d=mm&r=g","contentUrl":"https:\/\/secure.gravatar.com\/avatar\/773f33de263f3e24e13d0ac15062b5603e70036ec7f634846fb6363f44574610?s=96&d=mm&r=g","caption":"CIT UPC"},"url":"https:\/\/cit.upc.edu\/es\/author\/cit-upc\/"}]}},"_links":{"self":[{"href":"https:\/\/cit.upc.edu\/es\/wp-json\/wp\/v2\/posts\/26507","targetHints":{"allow":["GET"]}}],"collection":[{"href":"https:\/\/cit.upc.edu\/es\/wp-json\/wp\/v2\/posts"}],"about":[{"href":"https:\/\/cit.upc.edu\/es\/wp-json\/wp\/v2\/types\/post"}],"author":[{"embeddable":true,"href":"https:\/\/cit.upc.edu\/es\/wp-json\/wp\/v2\/users\/5"}],"replies":[{"embeddable":true,"href":"https:\/\/cit.upc.edu\/es\/wp-json\/wp\/v2\/comments?post=26507"}],"version-history":[{"count":3,"href":"https:\/\/cit.upc.edu\/es\/wp-json\/wp\/v2\/posts\/26507\/revisions"}],"predecessor-version":[{"id":26531,"href":"https:\/\/cit.upc.edu\/es\/wp-json\/wp\/v2\/posts\/26507\/revisions\/26531"}],"wp:featuredmedia":[{"embeddable":true,"href":"https:\/\/cit.upc.edu\/es\/wp-json\/wp\/v2\/media\/26527"}],"wp:attachment":[{"href":"https:\/\/cit.upc.edu\/es\/wp-json\/wp\/v2\/media?parent=26507"}],"wp:term":[{"taxonomy":"category","embeddable":true,"href":"https:\/\/cit.upc.edu\/es\/wp-json\/wp\/v2\/categories?post=26507"},{"taxonomy":"post_tag","embeddable":true,"href":"https:\/\/cit.upc.edu\/es\/wp-json\/wp\/v2\/tags?post=26507"}],"curies":[{"name":"wp","href":"https:\/\/api.w.org\/{rel}","templated":true}]}}