{"id":27635,"date":"2025-05-13T11:00:00","date_gmt":"2025-05-13T11:00:00","guid":{"rendered":"https:\/\/cit.upc.edu\/la-upc-participara-en-la-fira-iot-solutions-world-congress-2025\/"},"modified":"2025-07-09T12:27:25","modified_gmt":"2025-07-09T12:27:25","slug":"la-upc-nuevamente-presente-en-el-iot-solutions-world-congress","status":"publish","type":"post","link":"https:\/\/cit.upc.edu\/es\/la-upc-nuevamente-presente-en-el-iot-solutions-world-congress\/","title":{"rendered":"La UPC, nuevamente presente en el IoT Solutions World Congress"},"content":{"rendered":"\n<p class=\"wp-block-paragraph\">31\/03\/2025<br>Project Header<br>right<br>no-repeat;left top;;<br>auto<br>20px<br><br><h4>La Universitat Polit\u00e8cnica de Catalunya &#8211; BarcelonaTech (UPC), a trav\u00e9s de CIT UPC, estar\u00e1 presente con un estand propio en la edici\u00f3n 2025 del <a target=\"_blank\" target=\"_blank\" href=\"https:\/\/www.iotsworldcongress.com\/\" target=\"_blank\">IoT Solutions World Congress<\/a> (IOTSWC25), el evento global l\u00edder en el poder transformador del IoT, la inteligencia artificial (IA) y la transformaci\u00f3n digital.<\/h4><br>Project Header<br>no-repeat;left top;;<br>auto<br>20px<br><br><br>IOTSWC25 se celebrar\u00e1 del 13 al 15 de mayo en Fira de Barcelona (recinto Gran Via) y se desarrollar\u00e1 paralelamente al <a target=\"_blank\" target=\"_blank\" href=\"https:\/\/www.barcelonacybersecuritycongress.com\/\" target=\"_blank\">Barcelona Cybersecurity Congress<\/a>. Con m\u00e1s de 11.000 visitantes de m\u00e1s de 100 pa\u00edses, ofrecer\u00e1 una plataforma \u00fanica para el networking, el intercambio de conocimientos y el descubrimiento de soluciones innovadoras que est\u00e1n revolucionando la industria.<br><br>Este a\u00f1o, la feria pondr\u00e1 el foco en temas clave como la estrategia de transformaci\u00f3n digital (c\u00f3mo se est\u00e1 aplicando la IA, iniciativas de sostenibilidad), las tecnolog\u00edas y procesos emergentes (supercomputaci\u00f3n, deep learning) y el trabajo en el espacio y otros entornos (navegaci\u00f3n, veh\u00edculos, conectividad inal\u00e1mbrica, operaciones remotas).<br><br>Entre otras, se destacar\u00e1n tecnolog\u00edas como la IA, Digital Twins, 5G\/6G, realidad aumentada (AR), realidad virtual (VR), big data analytics y ciberseguridad.<br><br>Durante tres d\u00edas, se llevar\u00e1n a cabo m\u00e1s de un centenar de sesiones entre conferencias magistrales, mesas redondas, paneles de expertos, presentaci\u00f3n de casos de \u00e9xito y entrevistas, con la participaci\u00f3n de m\u00e1s de 350 ponentes reconocidos a nivel mundial.<br><br>IOTSWC25 tambi\u00e9n acoger\u00e1 los Industry Solution Awards, que reconocer\u00e1n las tecnolog\u00edas m\u00e1s disruptivas en diversas categor\u00edas: Premio a la Iniciativa de Sostenibilidad, Premio a la Excelencia en la Industria 4.0, Premio al Innovador en IA del A\u00f1o, Premio al Avance en Espacio y Conectividad, Premio a la Innovaci\u00f3n en Ciberseguridad y Premio a Startup.<br><br>STEM Women Congress<br><br>El 14 de mayo, IOTSWC25 acoger\u00e1 un evento especial, el<a target=\"_blank\" target=\"_blank\" href=\"https:\/\/www.iotsworldcongress.com\/congress\/stem-women-congress\/\" target=\"_blank\"> STEM Women Congress<\/a>, un espacio dedicado a promover la innovaci\u00f3n, la tecnolog\u00eda y el talento femenino en el sector STEM. En este marco, se abordar\u00e1n desaf\u00edos del sector desde una perspectiva de g\u00e9nero, destacando el papel de las mujeres en el campo de la ciberseguridad y la importancia de la diversidad para impulsar enfoques innovadores e inclusivos ante los retos del futuro.<br><br>Para saber m\u00e1s, visita el sitio <a target=\"_blank\" target=\"_blank\" href=\"https:\/\/www.iotsworldcongress.com\/?utm_medium=paid_search&amp;utm_source=performance_max%20&amp;utm_campaign=acreditacion\" target=\"_blank\">web oficial<\/a>.<br>Main Text<br>no-repeat;left top;;<br>auto<br><br><br><img decoding=\"async\" src=\"https:\/\/cit.upc.edu\/wp-content\/uploads\/2025\/03\/CIT-UPC-destacat-2.jpg#27640\" alt=\"CIT-UPC destacat (2)\"><br>full<br>center<br>center<br><br><h5>\u00bfQuieres saber m\u00e1s?<\/h5><br>Contact Button<br>no-repeat;left top;;<br>auto<br>0px<br><br><hr class=\"no_line\" style=\"margin: 0 auto 0px auto\"\/>\n<br><br><a class=\"button  button_size_2\" href=\"\"         title=\"\"><span class=\"button_label\">Button<\/span><\/a>\n<br><br><br><br><hr class=\"no_line\" style=\"margin: 0 auto 0px auto\"\/>\n<br><br><a class=\"button  button_size_2\" href=\"\"         title=\"\"><span class=\"button_label\">Button<\/span><\/a>\n<br>no-repeat;left top;;<br>auto<br><br>50<br><br><h4>Proyectos Relacionados<\/h4><br>Proyectos Relacionados<br>no-repeat;left top;;<br>auto<br><br>4<br>grid<br>4<br>date<br>DESC<br><br><\/p>\n","protected":false},"excerpt":{"rendered":"<p>Del 13 al 15 de mayo, la UPC, de la mano de CIT UPC, ha mostrado proyectos y soluciones punteras en los \u00e1mbitos del Internet de las Cosas (IoT), la inteligencia artificial (IA) y la transformaci\u00f3n digital.<\/p>\n","protected":false},"author":5,"featured_media":28180,"comment_status":"closed","ping_status":"open","sticky":false,"template":"","format":"standard","meta":{"footnotes":""},"categories":[935],"tags":[],"class_list":["post-27635","post","type-post","status-publish","format-standard","has-post-thumbnail","hentry","category-noticia"],"yoast_head":"<!-- This site is optimized with the Yoast SEO plugin v28.4 - https:\/\/yoast.com\/product\/yoast-seo-wordpress\/ -->\n<title>La UPC participar\u00e1 en la feria IoT Solutions World Congress 2025 - CIT UPC<\/title>\n<meta name=\"description\" content=\"Del 13 al 15 de mayo, la UPC, de la mano del CIT-UPC, muestra proyectos y soluciones punteras en los \u00e1mbitos del Internet de las Cosas (IoT), la inteligencia artificial (IA) y la transformaci\u00f3n digital.\" \/>\n<meta name=\"robots\" content=\"index, follow, max-snippet:-1, max-image-preview:large, max-video-preview:-1\" \/>\n<link rel=\"canonical\" href=\"https:\/\/cit.upc.edu\/es\/la-upc-nuevamente-presente-en-el-iot-solutions-world-congress\/\" \/>\n<meta property=\"og:locale\" content=\"es_ES\" \/>\n<meta property=\"og:type\" content=\"article\" \/>\n<meta property=\"og:title\" content=\"La UPC participar\u00e1 en la feria IoT Solutions World Congress 2025 - CIT UPC\" \/>\n<meta property=\"og:description\" content=\"Del 13 al 15 de mayo, la UPC, de la mano del CIT-UPC, muestra proyectos y soluciones punteras en los \u00e1mbitos del Internet de las Cosas (IoT), la inteligencia artificial (IA) y la transformaci\u00f3n digital.\" \/>\n<meta property=\"og:url\" content=\"https:\/\/cit.upc.edu\/es\/la-upc-nuevamente-presente-en-el-iot-solutions-world-congress\/\" \/>\n<meta property=\"og:site_name\" content=\"CIT UPC\" \/>\n<meta property=\"article:publisher\" content=\"https:\/\/www.facebook.com\/cit.upc\" \/>\n<meta property=\"article:published_time\" content=\"2025-05-13T11:00:00+00:00\" \/>\n<meta property=\"article:modified_time\" content=\"2025-07-09T12:27:25+00:00\" \/>\n<meta property=\"og:image\" content=\"https:\/\/cit.upc.edu\/wp-content\/uploads\/2025\/03\/CIT-UPC-destacat-IoT.png\" \/>\n\t<meta property=\"og:image:width\" content=\"700\" \/>\n\t<meta property=\"og:image:height\" content=\"526\" \/>\n\t<meta property=\"og:image:type\" content=\"image\/png\" \/>\n<meta name=\"author\" content=\"CIT UPC\" \/>\n<meta name=\"twitter:card\" content=\"summary_large_image\" \/>\n<meta name=\"twitter:creator\" content=\"@CIT_UPC\" \/>\n<meta name=\"twitter:site\" content=\"@CIT_UPC\" \/>\n<meta name=\"twitter:label1\" content=\"Escrito por\" \/>\n\t<meta name=\"twitter:data1\" content=\"CIT UPC\" \/>\n\t<meta name=\"twitter:label2\" content=\"Tiempo de lectura\" \/>\n\t<meta name=\"twitter:data2\" content=\"3 minutos\" \/>\n<script type=\"application\/ld+json\" class=\"yoast-schema-graph\">{\"@context\":\"https:\\\/\\\/schema.org\",\"@graph\":[{\"@type\":\"Article\",\"@id\":\"https:\\\/\\\/cit.upc.edu\\\/es\\\/la-upc-nuevamente-presente-en-el-iot-solutions-world-congress\\\/#article\",\"isPartOf\":{\"@id\":\"https:\\\/\\\/cit.upc.edu\\\/es\\\/la-upc-nuevamente-presente-en-el-iot-solutions-world-congress\\\/\"},\"author\":{\"name\":\"CIT UPC\",\"@id\":\"https:\\\/\\\/cit.upc.edu\\\/es\\\/#\\\/schema\\\/person\\\/9699f82f1a653c8a17baa3fbdf70c6b3\"},\"headline\":\"La UPC, nuevamente presente en el IoT Solutions World Congress\",\"datePublished\":\"2025-05-13T11:00:00+00:00\",\"dateModified\":\"2025-07-09T12:27:25+00:00\",\"mainEntityOfPage\":{\"@id\":\"https:\\\/\\\/cit.upc.edu\\\/es\\\/la-upc-nuevamente-presente-en-el-iot-solutions-world-congress\\\/\"},\"wordCount\":492,\"publisher\":{\"@id\":\"https:\\\/\\\/cit.upc.edu\\\/es\\\/#organization\"},\"image\":{\"@id\":\"https:\\\/\\\/cit.upc.edu\\\/es\\\/la-upc-nuevamente-presente-en-el-iot-solutions-world-congress\\\/#primaryimage\"},\"thumbnailUrl\":\"https:\\\/\\\/cit.upc.edu\\\/wp-content\\\/uploads\\\/2025\\\/03\\\/CIT-UPC-destacat-IoT.png\",\"articleSection\":[\"Not\u00edcia\"],\"inLanguage\":\"es\"},{\"@type\":\"WebPage\",\"@id\":\"https:\\\/\\\/cit.upc.edu\\\/es\\\/la-upc-nuevamente-presente-en-el-iot-solutions-world-congress\\\/\",\"url\":\"https:\\\/\\\/cit.upc.edu\\\/es\\\/la-upc-nuevamente-presente-en-el-iot-solutions-world-congress\\\/\",\"name\":\"La UPC participar\u00e1 en la feria IoT Solutions World Congress 2025 - CIT UPC\",\"isPartOf\":{\"@id\":\"https:\\\/\\\/cit.upc.edu\\\/es\\\/#website\"},\"primaryImageOfPage\":{\"@id\":\"https:\\\/\\\/cit.upc.edu\\\/es\\\/la-upc-nuevamente-presente-en-el-iot-solutions-world-congress\\\/#primaryimage\"},\"image\":{\"@id\":\"https:\\\/\\\/cit.upc.edu\\\/es\\\/la-upc-nuevamente-presente-en-el-iot-solutions-world-congress\\\/#primaryimage\"},\"thumbnailUrl\":\"https:\\\/\\\/cit.upc.edu\\\/wp-content\\\/uploads\\\/2025\\\/03\\\/CIT-UPC-destacat-IoT.png\",\"datePublished\":\"2025-05-13T11:00:00+00:00\",\"dateModified\":\"2025-07-09T12:27:25+00:00\",\"description\":\"Del 13 al 15 de mayo, la UPC, de la mano del CIT-UPC, muestra proyectos y soluciones punteras en los \u00e1mbitos del Internet de las Cosas (IoT), la inteligencia artificial (IA) y la transformaci\u00f3n digital.\",\"breadcrumb\":{\"@id\":\"https:\\\/\\\/cit.upc.edu\\\/es\\\/la-upc-nuevamente-presente-en-el-iot-solutions-world-congress\\\/#breadcrumb\"},\"inLanguage\":\"es\",\"potentialAction\":[{\"@type\":\"ReadAction\",\"target\":[\"https:\\\/\\\/cit.upc.edu\\\/es\\\/la-upc-nuevamente-presente-en-el-iot-solutions-world-congress\\\/\"]}]},{\"@type\":\"ImageObject\",\"inLanguage\":\"es\",\"@id\":\"https:\\\/\\\/cit.upc.edu\\\/es\\\/la-upc-nuevamente-presente-en-el-iot-solutions-world-congress\\\/#primaryimage\",\"url\":\"https:\\\/\\\/cit.upc.edu\\\/wp-content\\\/uploads\\\/2025\\\/03\\\/CIT-UPC-destacat-IoT.png\",\"contentUrl\":\"https:\\\/\\\/cit.upc.edu\\\/wp-content\\\/uploads\\\/2025\\\/03\\\/CIT-UPC-destacat-IoT.png\",\"width\":700,\"height\":526},{\"@type\":\"BreadcrumbList\",\"@id\":\"https:\\\/\\\/cit.upc.edu\\\/es\\\/la-upc-nuevamente-presente-en-el-iot-solutions-world-congress\\\/#breadcrumb\",\"itemListElement\":[{\"@type\":\"ListItem\",\"position\":1,\"name\":\"Portada\",\"item\":\"https:\\\/\\\/cit.upc.edu\\\/es\\\/\"},{\"@type\":\"ListItem\",\"position\":2,\"name\":\"La UPC, nuevamente presente en el IoT Solutions World Congress\"}]},{\"@type\":\"WebSite\",\"@id\":\"https:\\\/\\\/cit.upc.edu\\\/es\\\/#website\",\"url\":\"https:\\\/\\\/cit.upc.edu\\\/es\\\/\",\"name\":\"CIT UPC\",\"description\":\"Centro de Innovaci\u00f3n y Tecnolog\u00eda\",\"publisher\":{\"@id\":\"https:\\\/\\\/cit.upc.edu\\\/es\\\/#organization\"},\"potentialAction\":[{\"@type\":\"SearchAction\",\"target\":{\"@type\":\"EntryPoint\",\"urlTemplate\":\"https:\\\/\\\/cit.upc.edu\\\/es\\\/?s={search_term_string}\"},\"query-input\":{\"@type\":\"PropertyValueSpecification\",\"valueRequired\":true,\"valueName\":\"search_term_string\"}}],\"inLanguage\":\"es\"},{\"@type\":\"Organization\",\"@id\":\"https:\\\/\\\/cit.upc.edu\\\/es\\\/#organization\",\"name\":\"CIT UPC - UPC Technology Center\",\"url\":\"https:\\\/\\\/cit.upc.edu\\\/es\\\/\",\"logo\":{\"@type\":\"ImageObject\",\"inLanguage\":\"es\",\"@id\":\"https:\\\/\\\/cit.upc.edu\\\/es\\\/#\\\/schema\\\/logo\\\/image\\\/\",\"url\":\"https:\\\/\\\/cit.upc.edu\\\/wp-content\\\/uploads\\\/2020\\\/04\\\/cropped-logo_positiu_horitzontal_2020_espanol.png\",\"contentUrl\":\"https:\\\/\\\/cit.upc.edu\\\/wp-content\\\/uploads\\\/2020\\\/04\\\/cropped-logo_positiu_horitzontal_2020_espanol.png\",\"width\":512,\"height\":512,\"caption\":\"CIT UPC - UPC Technology Center\"},\"image\":{\"@id\":\"https:\\\/\\\/cit.upc.edu\\\/es\\\/#\\\/schema\\\/logo\\\/image\\\/\"},\"sameAs\":[\"https:\\\/\\\/www.facebook.com\\\/cit.upc\",\"https:\\\/\\\/x.com\\\/CIT_UPC\",\"https:\\\/\\\/www.youtube.com\\\/user\\\/CITUPC\",\"https:\\\/\\\/www.flickr.com\\\/photos\\\/181927091@N08\",\"https:\\\/\\\/www.linkedin.com\\\/company\\\/cit-upc\\\/\",\"https:\\\/\\\/www.instagram.com\\\/cit_upc\\\/\"]},{\"@type\":\"Person\",\"@id\":\"https:\\\/\\\/cit.upc.edu\\\/es\\\/#\\\/schema\\\/person\\\/9699f82f1a653c8a17baa3fbdf70c6b3\",\"name\":\"CIT UPC\",\"image\":{\"@type\":\"ImageObject\",\"inLanguage\":\"es\",\"@id\":\"https:\\\/\\\/secure.gravatar.com\\\/avatar\\\/773f33de263f3e24e13d0ac15062b5603e70036ec7f634846fb6363f44574610?s=96&d=mm&r=g\",\"url\":\"https:\\\/\\\/secure.gravatar.com\\\/avatar\\\/773f33de263f3e24e13d0ac15062b5603e70036ec7f634846fb6363f44574610?s=96&d=mm&r=g\",\"contentUrl\":\"https:\\\/\\\/secure.gravatar.com\\\/avatar\\\/773f33de263f3e24e13d0ac15062b5603e70036ec7f634846fb6363f44574610?s=96&d=mm&r=g\",\"caption\":\"CIT UPC\"},\"url\":\"https:\\\/\\\/cit.upc.edu\\\/es\\\/author\\\/cit-upc\\\/\"}]}<\/script>\n<!-- \/ Yoast SEO plugin. -->","yoast_head_json":{"title":"La UPC participar\u00e1 en la feria IoT Solutions World Congress 2025 - CIT UPC","description":"Del 13 al 15 de mayo, la UPC, de la mano del CIT-UPC, muestra proyectos y soluciones punteras en los \u00e1mbitos del Internet de las Cosas (IoT), la inteligencia artificial (IA) y la transformaci\u00f3n digital.","robots":{"index":"index","follow":"follow","max-snippet":"max-snippet:-1","max-image-preview":"max-image-preview:large","max-video-preview":"max-video-preview:-1"},"canonical":"https:\/\/cit.upc.edu\/es\/la-upc-nuevamente-presente-en-el-iot-solutions-world-congress\/","og_locale":"es_ES","og_type":"article","og_title":"La UPC participar\u00e1 en la feria IoT Solutions World Congress 2025 - CIT UPC","og_description":"Del 13 al 15 de mayo, la UPC, de la mano del CIT-UPC, muestra proyectos y soluciones punteras en los \u00e1mbitos del Internet de las Cosas (IoT), la inteligencia artificial (IA) y la transformaci\u00f3n digital.","og_url":"https:\/\/cit.upc.edu\/es\/la-upc-nuevamente-presente-en-el-iot-solutions-world-congress\/","og_site_name":"CIT UPC","article_publisher":"https:\/\/www.facebook.com\/cit.upc","article_published_time":"2025-05-13T11:00:00+00:00","article_modified_time":"2025-07-09T12:27:25+00:00","og_image":[{"width":700,"height":526,"url":"https:\/\/cit.upc.edu\/wp-content\/uploads\/2025\/03\/CIT-UPC-destacat-IoT.png","type":"image\/png"}],"author":"CIT UPC","twitter_card":"summary_large_image","twitter_creator":"@CIT_UPC","twitter_site":"@CIT_UPC","twitter_misc":{"Escrito por":"CIT UPC","Tiempo de lectura":"3 minutos"},"schema":{"@context":"https:\/\/schema.org","@graph":[{"@type":"Article","@id":"https:\/\/cit.upc.edu\/es\/la-upc-nuevamente-presente-en-el-iot-solutions-world-congress\/#article","isPartOf":{"@id":"https:\/\/cit.upc.edu\/es\/la-upc-nuevamente-presente-en-el-iot-solutions-world-congress\/"},"author":{"name":"CIT UPC","@id":"https:\/\/cit.upc.edu\/es\/#\/schema\/person\/9699f82f1a653c8a17baa3fbdf70c6b3"},"headline":"La UPC, nuevamente presente en el IoT Solutions World Congress","datePublished":"2025-05-13T11:00:00+00:00","dateModified":"2025-07-09T12:27:25+00:00","mainEntityOfPage":{"@id":"https:\/\/cit.upc.edu\/es\/la-upc-nuevamente-presente-en-el-iot-solutions-world-congress\/"},"wordCount":492,"publisher":{"@id":"https:\/\/cit.upc.edu\/es\/#organization"},"image":{"@id":"https:\/\/cit.upc.edu\/es\/la-upc-nuevamente-presente-en-el-iot-solutions-world-congress\/#primaryimage"},"thumbnailUrl":"https:\/\/cit.upc.edu\/wp-content\/uploads\/2025\/03\/CIT-UPC-destacat-IoT.png","articleSection":["Not\u00edcia"],"inLanguage":"es"},{"@type":"WebPage","@id":"https:\/\/cit.upc.edu\/es\/la-upc-nuevamente-presente-en-el-iot-solutions-world-congress\/","url":"https:\/\/cit.upc.edu\/es\/la-upc-nuevamente-presente-en-el-iot-solutions-world-congress\/","name":"La UPC participar\u00e1 en la feria IoT Solutions World Congress 2025 - CIT UPC","isPartOf":{"@id":"https:\/\/cit.upc.edu\/es\/#website"},"primaryImageOfPage":{"@id":"https:\/\/cit.upc.edu\/es\/la-upc-nuevamente-presente-en-el-iot-solutions-world-congress\/#primaryimage"},"image":{"@id":"https:\/\/cit.upc.edu\/es\/la-upc-nuevamente-presente-en-el-iot-solutions-world-congress\/#primaryimage"},"thumbnailUrl":"https:\/\/cit.upc.edu\/wp-content\/uploads\/2025\/03\/CIT-UPC-destacat-IoT.png","datePublished":"2025-05-13T11:00:00+00:00","dateModified":"2025-07-09T12:27:25+00:00","description":"Del 13 al 15 de mayo, la UPC, de la mano del CIT-UPC, muestra proyectos y soluciones punteras en los \u00e1mbitos del Internet de las Cosas (IoT), la inteligencia artificial (IA) y la transformaci\u00f3n digital.","breadcrumb":{"@id":"https:\/\/cit.upc.edu\/es\/la-upc-nuevamente-presente-en-el-iot-solutions-world-congress\/#breadcrumb"},"inLanguage":"es","potentialAction":[{"@type":"ReadAction","target":["https:\/\/cit.upc.edu\/es\/la-upc-nuevamente-presente-en-el-iot-solutions-world-congress\/"]}]},{"@type":"ImageObject","inLanguage":"es","@id":"https:\/\/cit.upc.edu\/es\/la-upc-nuevamente-presente-en-el-iot-solutions-world-congress\/#primaryimage","url":"https:\/\/cit.upc.edu\/wp-content\/uploads\/2025\/03\/CIT-UPC-destacat-IoT.png","contentUrl":"https:\/\/cit.upc.edu\/wp-content\/uploads\/2025\/03\/CIT-UPC-destacat-IoT.png","width":700,"height":526},{"@type":"BreadcrumbList","@id":"https:\/\/cit.upc.edu\/es\/la-upc-nuevamente-presente-en-el-iot-solutions-world-congress\/#breadcrumb","itemListElement":[{"@type":"ListItem","position":1,"name":"Portada","item":"https:\/\/cit.upc.edu\/es\/"},{"@type":"ListItem","position":2,"name":"La UPC, nuevamente presente en el IoT Solutions World Congress"}]},{"@type":"WebSite","@id":"https:\/\/cit.upc.edu\/es\/#website","url":"https:\/\/cit.upc.edu\/es\/","name":"CIT UPC","description":"Centro de Innovaci\u00f3n y Tecnolog\u00eda","publisher":{"@id":"https:\/\/cit.upc.edu\/es\/#organization"},"potentialAction":[{"@type":"SearchAction","target":{"@type":"EntryPoint","urlTemplate":"https:\/\/cit.upc.edu\/es\/?s={search_term_string}"},"query-input":{"@type":"PropertyValueSpecification","valueRequired":true,"valueName":"search_term_string"}}],"inLanguage":"es"},{"@type":"Organization","@id":"https:\/\/cit.upc.edu\/es\/#organization","name":"CIT UPC - UPC Technology Center","url":"https:\/\/cit.upc.edu\/es\/","logo":{"@type":"ImageObject","inLanguage":"es","@id":"https:\/\/cit.upc.edu\/es\/#\/schema\/logo\/image\/","url":"https:\/\/cit.upc.edu\/wp-content\/uploads\/2020\/04\/cropped-logo_positiu_horitzontal_2020_espanol.png","contentUrl":"https:\/\/cit.upc.edu\/wp-content\/uploads\/2020\/04\/cropped-logo_positiu_horitzontal_2020_espanol.png","width":512,"height":512,"caption":"CIT UPC - UPC Technology Center"},"image":{"@id":"https:\/\/cit.upc.edu\/es\/#\/schema\/logo\/image\/"},"sameAs":["https:\/\/www.facebook.com\/cit.upc","https:\/\/x.com\/CIT_UPC","https:\/\/www.youtube.com\/user\/CITUPC","https:\/\/www.flickr.com\/photos\/181927091@N08","https:\/\/www.linkedin.com\/company\/cit-upc\/","https:\/\/www.instagram.com\/cit_upc\/"]},{"@type":"Person","@id":"https:\/\/cit.upc.edu\/es\/#\/schema\/person\/9699f82f1a653c8a17baa3fbdf70c6b3","name":"CIT UPC","image":{"@type":"ImageObject","inLanguage":"es","@id":"https:\/\/secure.gravatar.com\/avatar\/773f33de263f3e24e13d0ac15062b5603e70036ec7f634846fb6363f44574610?s=96&d=mm&r=g","url":"https:\/\/secure.gravatar.com\/avatar\/773f33de263f3e24e13d0ac15062b5603e70036ec7f634846fb6363f44574610?s=96&d=mm&r=g","contentUrl":"https:\/\/secure.gravatar.com\/avatar\/773f33de263f3e24e13d0ac15062b5603e70036ec7f634846fb6363f44574610?s=96&d=mm&r=g","caption":"CIT UPC"},"url":"https:\/\/cit.upc.edu\/es\/author\/cit-upc\/"}]}},"_links":{"self":[{"href":"https:\/\/cit.upc.edu\/es\/wp-json\/wp\/v2\/posts\/27635","targetHints":{"allow":["GET"]}}],"collection":[{"href":"https:\/\/cit.upc.edu\/es\/wp-json\/wp\/v2\/posts"}],"about":[{"href":"https:\/\/cit.upc.edu\/es\/wp-json\/wp\/v2\/types\/post"}],"author":[{"embeddable":true,"href":"https:\/\/cit.upc.edu\/es\/wp-json\/wp\/v2\/users\/5"}],"replies":[{"embeddable":true,"href":"https:\/\/cit.upc.edu\/es\/wp-json\/wp\/v2\/comments?post=27635"}],"version-history":[{"count":5,"href":"https:\/\/cit.upc.edu\/es\/wp-json\/wp\/v2\/posts\/27635\/revisions"}],"predecessor-version":[{"id":28188,"href":"https:\/\/cit.upc.edu\/es\/wp-json\/wp\/v2\/posts\/27635\/revisions\/28188"}],"wp:featuredmedia":[{"embeddable":true,"href":"https:\/\/cit.upc.edu\/es\/wp-json\/wp\/v2\/media\/28180"}],"wp:attachment":[{"href":"https:\/\/cit.upc.edu\/es\/wp-json\/wp\/v2\/media?parent=27635"}],"wp:term":[{"taxonomy":"category","embeddable":true,"href":"https:\/\/cit.upc.edu\/es\/wp-json\/wp\/v2\/categories?post=27635"},{"taxonomy":"post_tag","embeddable":true,"href":"https:\/\/cit.upc.edu\/es\/wp-json\/wp\/v2\/tags?post=27635"}],"curies":[{"name":"wp","href":"https:\/\/api.w.org\/{rel}","templated":true}]}}