{"id":9887,"date":"2019-09-10T16:38:25","date_gmt":"2019-09-10T16:38:25","guid":{"rendered":"https:\/\/cit.upc.edu\/upc_scew_2019\/"},"modified":"2021-04-07T16:16:08","modified_gmt":"2021-04-07T16:16:08","slug":"upc_scew_2019","status":"publish","type":"post","link":"https:\/\/cit.upc.edu\/es\/upc_scew_2019\/","title":{"rendered":"La UPC estar\u00e1 presente en el Smart City Expo World Congress 2019"},"content":{"rendered":"\n<p class=\"has-text-align-right\">10\/9\/2019<\/p>\n\n\n\n<p><strong>Una a\u00f1o m\u00e1s la UPC estar\u00e1 presente en el Congreso mundial sobre ciudades inteligentes, Smart City Expo World Congress, que tendr\u00e1 lugar en Barcelona entre el 19 y el 21 de noviembre.<\/strong><\/p>\n\n\n\n<p>La Universidad Polit\u00e9cnica de Catalu\u00f1a (UPC) contar\u00e1 con un stand (Hall P2, Level 0, Street F, Stand 621) donde se presentar\u00e1n los \u00faltimos proyectos desarrollados por la universidad as\u00ed como las capacidades tecnol\u00f3gicas y soluciones en transformaci\u00f3n digital, entorno urbano, movilidad , gobernanza y finanzas y ciudades inclusivas.<\/p>\n\n\n\n<p>Los organizadores esperan este a\u00f1o recibi\u00f3 la visita de m\u00e1s de 25.000 personas, m\u00e1s de 700 ciudades, m\u00e1s de 400 speakers de todo el mundo.<\/p>\n\n\n\n<div class=\"wp-block-image\"><figure class=\"aligncenter size-large\"><img loading=\"lazy\" decoding=\"async\" width=\"284\" height=\"189\" src=\"https:\/\/cit.upc.edu\/wp-content\/uploads\/2021\/01\/3887d107-ee9f-4a3a-b511-1ec73960a96e.jpg\" alt=\"\" class=\"wp-image-9883\" srcset=\"https:\/\/cit.upc.edu\/wp-content\/uploads\/2021\/01\/3887d107-ee9f-4a3a-b511-1ec73960a96e.jpg 284w, https:\/\/cit.upc.edu\/wp-content\/uploads\/2021\/01\/3887d107-ee9f-4a3a-b511-1ec73960a96e-219x146.jpg 219w, https:\/\/cit.upc.edu\/wp-content\/uploads\/2021\/01\/3887d107-ee9f-4a3a-b511-1ec73960a96e-50x33.jpg 50w, https:\/\/cit.upc.edu\/wp-content\/uploads\/2021\/01\/3887d107-ee9f-4a3a-b511-1ec73960a96e-113x75.jpg 113w\" sizes=\"auto, (max-width:767px) 284px, 284px\" \/><\/figure><\/div>\n","protected":false},"excerpt":{"rendered":"<p>10\/9\/2019 Una a\u00f1o m\u00e1s la UPC estar\u00e1 presente en el Congreso mundial sobre ciudades inteligentes, Smart City Expo World Congress, que tendr\u00e1 lugar en Barcelona entre<span class=\"excerpt-hellip\"> [\u2026]<\/span><\/p>\n","protected":false},"author":5,"featured_media":9883,"comment_status":"open","ping_status":"open","sticky":false,"template":"","format":"standard","meta":{"footnotes":""},"categories":[935,1],"tags":[],"class_list":["post-9887","post","type-post","status-publish","format-standard","has-post-thumbnail","hentry","category-noticia","category-sin-categorizar"],"yoast_head":"<!-- This site is optimized with the Yoast SEO plugin v27.5 - https:\/\/yoast.com\/product\/yoast-seo-wordpress\/ -->\n<title>La UPC estar\u00e1 presente en el Smart City Expo World Congress 2019 - CIT UPC<\/title>\n<meta name=\"robots\" content=\"index, follow, max-snippet:-1, max-image-preview:large, max-video-preview:-1\" \/>\n<link rel=\"canonical\" href=\"https:\/\/cit.upc.edu\/ca\/upc_scew_2019\/\" \/>\n<meta property=\"og:locale\" content=\"es_ES\" \/>\n<meta property=\"og:type\" content=\"article\" \/>\n<meta property=\"og:title\" content=\"La UPC estar\u00e1 presente en el Smart City Expo World Congress 2019 - CIT UPC\" \/>\n<meta property=\"og:description\" content=\"10\/9\/2019 Una a\u00f1o m\u00e1s la UPC estar\u00e1 presente en el Congreso mundial sobre ciudades inteligentes, Smart City Expo World Congress, que tendr\u00e1 lugar en Barcelona entre [\u2026]\" \/>\n<meta property=\"og:url\" content=\"https:\/\/cit.upc.edu\/ca\/upc_scew_2019\/\" \/>\n<meta property=\"og:site_name\" content=\"CIT UPC\" \/>\n<meta property=\"article:publisher\" content=\"https:\/\/www.facebook.com\/cit.upc\" \/>\n<meta property=\"article:published_time\" content=\"2019-09-10T16:38:25+00:00\" \/>\n<meta property=\"article:modified_time\" content=\"2021-04-07T16:16:08+00:00\" \/>\n<meta property=\"og:image\" content=\"https:\/\/cit.upc.edu\/wp-content\/uploads\/2021\/01\/3887d107-ee9f-4a3a-b511-1ec73960a96e.jpg\" \/>\n\t<meta property=\"og:image:width\" content=\"284\" \/>\n\t<meta property=\"og:image:height\" content=\"189\" \/>\n\t<meta property=\"og:image:type\" content=\"image\/jpeg\" \/>\n<meta name=\"author\" content=\"CIT UPC\" \/>\n<meta name=\"twitter:card\" content=\"summary_large_image\" \/>\n<meta name=\"twitter:creator\" content=\"@CIT_UPC\" \/>\n<meta name=\"twitter:site\" content=\"@CIT_UPC\" \/>\n<meta name=\"twitter:label1\" content=\"Escrito por\" \/>\n\t<meta name=\"twitter:data1\" content=\"CIT UPC\" \/>\n\t<meta name=\"twitter:label2\" content=\"Tiempo de lectura\" \/>\n\t<meta name=\"twitter:data2\" content=\"1 minuto\" \/>\n<script type=\"application\/ld+json\" class=\"yoast-schema-graph\">{\"@context\":\"https:\\\/\\\/schema.org\",\"@graph\":[{\"@type\":\"Article\",\"@id\":\"https:\\\/\\\/cit.upc.edu\\\/ca\\\/upc_scew_2019\\\/#article\",\"isPartOf\":{\"@id\":\"https:\\\/\\\/cit.upc.edu\\\/ca\\\/upc_scew_2019\\\/\"},\"author\":{\"name\":\"CIT UPC\",\"@id\":\"https:\\\/\\\/cit.upc.edu\\\/es\\\/#\\\/schema\\\/person\\\/9699f82f1a653c8a17baa3fbdf70c6b3\"},\"headline\":\"La UPC estar\u00e1 presente en el Smart City Expo World Congress 2019\",\"datePublished\":\"2019-09-10T16:38:25+00:00\",\"dateModified\":\"2021-04-07T16:16:08+00:00\",\"mainEntityOfPage\":{\"@id\":\"https:\\\/\\\/cit.upc.edu\\\/ca\\\/upc_scew_2019\\\/\"},\"wordCount\":119,\"commentCount\":0,\"publisher\":{\"@id\":\"https:\\\/\\\/cit.upc.edu\\\/es\\\/#organization\"},\"image\":{\"@id\":\"https:\\\/\\\/cit.upc.edu\\\/ca\\\/upc_scew_2019\\\/#primaryimage\"},\"thumbnailUrl\":\"https:\\\/\\\/cit.upc.edu\\\/wp-content\\\/uploads\\\/2021\\\/01\\\/3887d107-ee9f-4a3a-b511-1ec73960a96e.jpg\",\"articleSection\":[\"Not\u00edcia\",\"Sin categorizar\"],\"inLanguage\":\"es\",\"potentialAction\":[{\"@type\":\"CommentAction\",\"name\":\"Comment\",\"target\":[\"https:\\\/\\\/cit.upc.edu\\\/ca\\\/upc_scew_2019\\\/#respond\"]}]},{\"@type\":\"WebPage\",\"@id\":\"https:\\\/\\\/cit.upc.edu\\\/ca\\\/upc_scew_2019\\\/\",\"url\":\"https:\\\/\\\/cit.upc.edu\\\/ca\\\/upc_scew_2019\\\/\",\"name\":\"La UPC estar\u00e1 presente en el Smart City Expo World Congress 2019 - CIT UPC\",\"isPartOf\":{\"@id\":\"https:\\\/\\\/cit.upc.edu\\\/es\\\/#website\"},\"primaryImageOfPage\":{\"@id\":\"https:\\\/\\\/cit.upc.edu\\\/ca\\\/upc_scew_2019\\\/#primaryimage\"},\"image\":{\"@id\":\"https:\\\/\\\/cit.upc.edu\\\/ca\\\/upc_scew_2019\\\/#primaryimage\"},\"thumbnailUrl\":\"https:\\\/\\\/cit.upc.edu\\\/wp-content\\\/uploads\\\/2021\\\/01\\\/3887d107-ee9f-4a3a-b511-1ec73960a96e.jpg\",\"datePublished\":\"2019-09-10T16:38:25+00:00\",\"dateModified\":\"2021-04-07T16:16:08+00:00\",\"breadcrumb\":{\"@id\":\"https:\\\/\\\/cit.upc.edu\\\/ca\\\/upc_scew_2019\\\/#breadcrumb\"},\"inLanguage\":\"es\",\"potentialAction\":[{\"@type\":\"ReadAction\",\"target\":[\"https:\\\/\\\/cit.upc.edu\\\/ca\\\/upc_scew_2019\\\/\"]}]},{\"@type\":\"ImageObject\",\"inLanguage\":\"es\",\"@id\":\"https:\\\/\\\/cit.upc.edu\\\/ca\\\/upc_scew_2019\\\/#primaryimage\",\"url\":\"https:\\\/\\\/cit.upc.edu\\\/wp-content\\\/uploads\\\/2021\\\/01\\\/3887d107-ee9f-4a3a-b511-1ec73960a96e.jpg\",\"contentUrl\":\"https:\\\/\\\/cit.upc.edu\\\/wp-content\\\/uploads\\\/2021\\\/01\\\/3887d107-ee9f-4a3a-b511-1ec73960a96e.jpg\",\"width\":284,\"height\":189},{\"@type\":\"BreadcrumbList\",\"@id\":\"https:\\\/\\\/cit.upc.edu\\\/ca\\\/upc_scew_2019\\\/#breadcrumb\",\"itemListElement\":[{\"@type\":\"ListItem\",\"position\":1,\"name\":\"Portada\",\"item\":\"https:\\\/\\\/cit.upc.edu\\\/es\\\/\"},{\"@type\":\"ListItem\",\"position\":2,\"name\":\"La UPC estar\u00e1 presente en el Smart City Expo World Congress 2019\"}]},{\"@type\":\"WebSite\",\"@id\":\"https:\\\/\\\/cit.upc.edu\\\/es\\\/#website\",\"url\":\"https:\\\/\\\/cit.upc.edu\\\/es\\\/\",\"name\":\"CIT UPC\",\"description\":\"Centro de Innovaci\u00f3n y Tecnolog\u00eda\",\"publisher\":{\"@id\":\"https:\\\/\\\/cit.upc.edu\\\/es\\\/#organization\"},\"potentialAction\":[{\"@type\":\"SearchAction\",\"target\":{\"@type\":\"EntryPoint\",\"urlTemplate\":\"https:\\\/\\\/cit.upc.edu\\\/es\\\/?s={search_term_string}\"},\"query-input\":{\"@type\":\"PropertyValueSpecification\",\"valueRequired\":true,\"valueName\":\"search_term_string\"}}],\"inLanguage\":\"es\"},{\"@type\":\"Organization\",\"@id\":\"https:\\\/\\\/cit.upc.edu\\\/es\\\/#organization\",\"name\":\"CIT UPC - UPC Technology Center\",\"url\":\"https:\\\/\\\/cit.upc.edu\\\/es\\\/\",\"logo\":{\"@type\":\"ImageObject\",\"inLanguage\":\"es\",\"@id\":\"https:\\\/\\\/cit.upc.edu\\\/es\\\/#\\\/schema\\\/logo\\\/image\\\/\",\"url\":\"https:\\\/\\\/cit.upc.edu\\\/wp-content\\\/uploads\\\/2020\\\/04\\\/cropped-logo_positiu_horitzontal_2020_espanol.png\",\"contentUrl\":\"https:\\\/\\\/cit.upc.edu\\\/wp-content\\\/uploads\\\/2020\\\/04\\\/cropped-logo_positiu_horitzontal_2020_espanol.png\",\"width\":512,\"height\":512,\"caption\":\"CIT UPC - UPC Technology Center\"},\"image\":{\"@id\":\"https:\\\/\\\/cit.upc.edu\\\/es\\\/#\\\/schema\\\/logo\\\/image\\\/\"},\"sameAs\":[\"https:\\\/\\\/www.facebook.com\\\/cit.upc\",\"https:\\\/\\\/x.com\\\/CIT_UPC\",\"https:\\\/\\\/www.youtube.com\\\/user\\\/CITUPC\",\"https:\\\/\\\/www.flickr.com\\\/photos\\\/181927091@N08\",\"https:\\\/\\\/www.linkedin.com\\\/company\\\/cit-upc\\\/\",\"https:\\\/\\\/www.instagram.com\\\/cit_upc\\\/\"]},{\"@type\":\"Person\",\"@id\":\"https:\\\/\\\/cit.upc.edu\\\/es\\\/#\\\/schema\\\/person\\\/9699f82f1a653c8a17baa3fbdf70c6b3\",\"name\":\"CIT UPC\",\"image\":{\"@type\":\"ImageObject\",\"inLanguage\":\"es\",\"@id\":\"https:\\\/\\\/secure.gravatar.com\\\/avatar\\\/773f33de263f3e24e13d0ac15062b5603e70036ec7f634846fb6363f44574610?s=96&d=mm&r=g\",\"url\":\"https:\\\/\\\/secure.gravatar.com\\\/avatar\\\/773f33de263f3e24e13d0ac15062b5603e70036ec7f634846fb6363f44574610?s=96&d=mm&r=g\",\"contentUrl\":\"https:\\\/\\\/secure.gravatar.com\\\/avatar\\\/773f33de263f3e24e13d0ac15062b5603e70036ec7f634846fb6363f44574610?s=96&d=mm&r=g\",\"caption\":\"CIT UPC\"},\"url\":\"https:\\\/\\\/cit.upc.edu\\\/es\\\/author\\\/cit-upc\\\/\"}]}<\/script>\n<!-- \/ Yoast SEO plugin. -->","yoast_head_json":{"title":"La UPC estar\u00e1 presente en el Smart City Expo World Congress 2019 - CIT UPC","robots":{"index":"index","follow":"follow","max-snippet":"max-snippet:-1","max-image-preview":"max-image-preview:large","max-video-preview":"max-video-preview:-1"},"canonical":"https:\/\/cit.upc.edu\/ca\/upc_scew_2019\/","og_locale":"es_ES","og_type":"article","og_title":"La UPC estar\u00e1 presente en el Smart City Expo World Congress 2019 - CIT UPC","og_description":"10\/9\/2019 Una a\u00f1o m\u00e1s la UPC estar\u00e1 presente en el Congreso mundial sobre ciudades inteligentes, Smart City Expo World Congress, que tendr\u00e1 lugar en Barcelona entre [\u2026]","og_url":"https:\/\/cit.upc.edu\/ca\/upc_scew_2019\/","og_site_name":"CIT UPC","article_publisher":"https:\/\/www.facebook.com\/cit.upc","article_published_time":"2019-09-10T16:38:25+00:00","article_modified_time":"2021-04-07T16:16:08+00:00","og_image":[{"width":284,"height":189,"url":"https:\/\/cit.upc.edu\/wp-content\/uploads\/2021\/01\/3887d107-ee9f-4a3a-b511-1ec73960a96e.jpg","type":"image\/jpeg"}],"author":"CIT UPC","twitter_card":"summary_large_image","twitter_creator":"@CIT_UPC","twitter_site":"@CIT_UPC","twitter_misc":{"Escrito por":"CIT UPC","Tiempo de lectura":"1 minuto"},"schema":{"@context":"https:\/\/schema.org","@graph":[{"@type":"Article","@id":"https:\/\/cit.upc.edu\/ca\/upc_scew_2019\/#article","isPartOf":{"@id":"https:\/\/cit.upc.edu\/ca\/upc_scew_2019\/"},"author":{"name":"CIT UPC","@id":"https:\/\/cit.upc.edu\/es\/#\/schema\/person\/9699f82f1a653c8a17baa3fbdf70c6b3"},"headline":"La UPC estar\u00e1 presente en el Smart City Expo World Congress 2019","datePublished":"2019-09-10T16:38:25+00:00","dateModified":"2021-04-07T16:16:08+00:00","mainEntityOfPage":{"@id":"https:\/\/cit.upc.edu\/ca\/upc_scew_2019\/"},"wordCount":119,"commentCount":0,"publisher":{"@id":"https:\/\/cit.upc.edu\/es\/#organization"},"image":{"@id":"https:\/\/cit.upc.edu\/ca\/upc_scew_2019\/#primaryimage"},"thumbnailUrl":"https:\/\/cit.upc.edu\/wp-content\/uploads\/2021\/01\/3887d107-ee9f-4a3a-b511-1ec73960a96e.jpg","articleSection":["Not\u00edcia","Sin categorizar"],"inLanguage":"es","potentialAction":[{"@type":"CommentAction","name":"Comment","target":["https:\/\/cit.upc.edu\/ca\/upc_scew_2019\/#respond"]}]},{"@type":"WebPage","@id":"https:\/\/cit.upc.edu\/ca\/upc_scew_2019\/","url":"https:\/\/cit.upc.edu\/ca\/upc_scew_2019\/","name":"La UPC estar\u00e1 presente en el Smart City Expo World Congress 2019 - CIT UPC","isPartOf":{"@id":"https:\/\/cit.upc.edu\/es\/#website"},"primaryImageOfPage":{"@id":"https:\/\/cit.upc.edu\/ca\/upc_scew_2019\/#primaryimage"},"image":{"@id":"https:\/\/cit.upc.edu\/ca\/upc_scew_2019\/#primaryimage"},"thumbnailUrl":"https:\/\/cit.upc.edu\/wp-content\/uploads\/2021\/01\/3887d107-ee9f-4a3a-b511-1ec73960a96e.jpg","datePublished":"2019-09-10T16:38:25+00:00","dateModified":"2021-04-07T16:16:08+00:00","breadcrumb":{"@id":"https:\/\/cit.upc.edu\/ca\/upc_scew_2019\/#breadcrumb"},"inLanguage":"es","potentialAction":[{"@type":"ReadAction","target":["https:\/\/cit.upc.edu\/ca\/upc_scew_2019\/"]}]},{"@type":"ImageObject","inLanguage":"es","@id":"https:\/\/cit.upc.edu\/ca\/upc_scew_2019\/#primaryimage","url":"https:\/\/cit.upc.edu\/wp-content\/uploads\/2021\/01\/3887d107-ee9f-4a3a-b511-1ec73960a96e.jpg","contentUrl":"https:\/\/cit.upc.edu\/wp-content\/uploads\/2021\/01\/3887d107-ee9f-4a3a-b511-1ec73960a96e.jpg","width":284,"height":189},{"@type":"BreadcrumbList","@id":"https:\/\/cit.upc.edu\/ca\/upc_scew_2019\/#breadcrumb","itemListElement":[{"@type":"ListItem","position":1,"name":"Portada","item":"https:\/\/cit.upc.edu\/es\/"},{"@type":"ListItem","position":2,"name":"La UPC estar\u00e1 presente en el Smart City Expo World Congress 2019"}]},{"@type":"WebSite","@id":"https:\/\/cit.upc.edu\/es\/#website","url":"https:\/\/cit.upc.edu\/es\/","name":"CIT UPC","description":"Centro de Innovaci\u00f3n y Tecnolog\u00eda","publisher":{"@id":"https:\/\/cit.upc.edu\/es\/#organization"},"potentialAction":[{"@type":"SearchAction","target":{"@type":"EntryPoint","urlTemplate":"https:\/\/cit.upc.edu\/es\/?s={search_term_string}"},"query-input":{"@type":"PropertyValueSpecification","valueRequired":true,"valueName":"search_term_string"}}],"inLanguage":"es"},{"@type":"Organization","@id":"https:\/\/cit.upc.edu\/es\/#organization","name":"CIT UPC - UPC Technology Center","url":"https:\/\/cit.upc.edu\/es\/","logo":{"@type":"ImageObject","inLanguage":"es","@id":"https:\/\/cit.upc.edu\/es\/#\/schema\/logo\/image\/","url":"https:\/\/cit.upc.edu\/wp-content\/uploads\/2020\/04\/cropped-logo_positiu_horitzontal_2020_espanol.png","contentUrl":"https:\/\/cit.upc.edu\/wp-content\/uploads\/2020\/04\/cropped-logo_positiu_horitzontal_2020_espanol.png","width":512,"height":512,"caption":"CIT UPC - UPC Technology Center"},"image":{"@id":"https:\/\/cit.upc.edu\/es\/#\/schema\/logo\/image\/"},"sameAs":["https:\/\/www.facebook.com\/cit.upc","https:\/\/x.com\/CIT_UPC","https:\/\/www.youtube.com\/user\/CITUPC","https:\/\/www.flickr.com\/photos\/181927091@N08","https:\/\/www.linkedin.com\/company\/cit-upc\/","https:\/\/www.instagram.com\/cit_upc\/"]},{"@type":"Person","@id":"https:\/\/cit.upc.edu\/es\/#\/schema\/person\/9699f82f1a653c8a17baa3fbdf70c6b3","name":"CIT UPC","image":{"@type":"ImageObject","inLanguage":"es","@id":"https:\/\/secure.gravatar.com\/avatar\/773f33de263f3e24e13d0ac15062b5603e70036ec7f634846fb6363f44574610?s=96&d=mm&r=g","url":"https:\/\/secure.gravatar.com\/avatar\/773f33de263f3e24e13d0ac15062b5603e70036ec7f634846fb6363f44574610?s=96&d=mm&r=g","contentUrl":"https:\/\/secure.gravatar.com\/avatar\/773f33de263f3e24e13d0ac15062b5603e70036ec7f634846fb6363f44574610?s=96&d=mm&r=g","caption":"CIT UPC"},"url":"https:\/\/cit.upc.edu\/es\/author\/cit-upc\/"}]}},"_links":{"self":[{"href":"https:\/\/cit.upc.edu\/es\/wp-json\/wp\/v2\/posts\/9887","targetHints":{"allow":["GET"]}}],"collection":[{"href":"https:\/\/cit.upc.edu\/es\/wp-json\/wp\/v2\/posts"}],"about":[{"href":"https:\/\/cit.upc.edu\/es\/wp-json\/wp\/v2\/types\/post"}],"author":[{"embeddable":true,"href":"https:\/\/cit.upc.edu\/es\/wp-json\/wp\/v2\/users\/5"}],"replies":[{"embeddable":true,"href":"https:\/\/cit.upc.edu\/es\/wp-json\/wp\/v2\/comments?post=9887"}],"version-history":[{"count":2,"href":"https:\/\/cit.upc.edu\/es\/wp-json\/wp\/v2\/posts\/9887\/revisions"}],"predecessor-version":[{"id":12734,"href":"https:\/\/cit.upc.edu\/es\/wp-json\/wp\/v2\/posts\/9887\/revisions\/12734"}],"wp:featuredmedia":[{"embeddable":true,"href":"https:\/\/cit.upc.edu\/es\/wp-json\/wp\/v2\/media\/9883"}],"wp:attachment":[{"href":"https:\/\/cit.upc.edu\/es\/wp-json\/wp\/v2\/media?parent=9887"}],"wp:term":[{"taxonomy":"category","embeddable":true,"href":"https:\/\/cit.upc.edu\/es\/wp-json\/wp\/v2\/categories?post=9887"},{"taxonomy":"post_tag","embeddable":true,"href":"https:\/\/cit.upc.edu\/es\/wp-json\/wp\/v2\/tags?post=9887"}],"curies":[{"name":"wp","href":"https:\/\/api.w.org\/{rel}","templated":true}]}}