{"id":9950,"date":"2019-07-04T12:33:00","date_gmt":"2019-07-04T12:33:00","guid":{"rendered":"https:\/\/cit.upc.edu\/enertic\/"},"modified":"2021-02-08T16:43:33","modified_gmt":"2021-02-08T16:43:33","slug":"enertic","status":"publish","type":"post","link":"https:\/\/cit.upc.edu\/es\/enertic\/","title":{"rendered":"CIT UPC se incorpora a la Plataforma EnerTIC"},"content":{"rendered":"\n<p class=\"has-text-align-right\"><strong>04\/07\/2019<\/strong><\/p>\n\n\n\n<p><strong>El Centro de Innovaci\u00f3n y Tecnolog\u00eda de la Universitat Polit\u00e8cnica de Catalunya (CIT UPC) se ha incorporado como socio a&nbsp;<a target=\"_blank\" target=\"_blank\" href=\"http:\/\/www.enertic.org\/\" target=\"_blank\" rel=\"noreferrer noopener\">EnerTIC<\/a>, la plataforma de empresas TIC para la mejora de la eficiencia energ\u00e9tica. EnerTIC desarrolla su actividad con la misi\u00f3n de contribuir al desarrollo del potencial de transformaci\u00f3n de las Tecnolog\u00edas de la Informaci\u00f3n y Comunicaciones en el \u00e1mbito de la eficiencia energ\u00e9tica en Espa\u00f1a, a trav\u00e9s del apoyo de las empresas asociadas e instituciones p\u00fablicas y en favor de una econom\u00eda m\u00e1s competitiva y sostenible, y cuenta con 66 entidades asociadas.<\/strong><\/p>\n\n\n\n<div class=\"wp-block-image\"><figure class=\"aligncenter size-large\"><img loading=\"lazy\" decoding=\"async\" width=\"197\" height=\"140\" src=\"https:\/\/cit.upc.edu\/wp-content\/uploads\/2020\/10\/enertic-logo.png\" alt=\"\" class=\"wp-image-7816\" srcset=\"https:\/\/cit.upc.edu\/wp-content\/uploads\/2020\/10\/enertic-logo.png 197w, https:\/\/cit.upc.edu\/wp-content\/uploads\/2020\/10\/enertic-logo-50x36.png 50w, https:\/\/cit.upc.edu\/wp-content\/uploads\/2020\/10\/enertic-logo-106x75.png 106w\" sizes=\"auto, (max-width:767px) 197px, 197px\" \/><\/figure><\/div>\n\n\n\n<p>La actividad de la plataforma se centra en promover labores de concienciaci\u00f3n, promoci\u00f3n, difusi\u00f3n y colaboraci\u00f3n en el entorno de las TIC aplicadas al sector energ\u00e9tico, funcionando en red y con una actividad que incluye actividades diversas y en la generaci\u00f3n de oportunidades de colaboraci\u00f3n entre sus socios. &nbsp;<\/p>\n\n\n\n<p>La incorporaci\u00f3n de CIT UPC a la plataforma se lleva a cabo tomando como base las soluciones tecnol\u00f3gicas que la Universidad desarrolla en tecnolog\u00edas de la energ\u00eda y el medio ambiente, aportando nuestras capacidades y soluciones en \u00e1reas como las Smart grids, la gesti\u00f3n energ\u00e9tica, las energ\u00edas renovables, en el control de la contaminaci\u00f3n ac\u00fastica y ambiental y la gesti\u00f3n del agua, as\u00ed como en el campo de los veh\u00edculos el\u00e9ctricos y la movilidad sostenible, entre otros.<\/p>\n\n\n\n<p><a target=\"_blank\" target=\"_blank\" href=\"https:\/\/cit.upc.edu\/es\/energia-y-medio-ambiente\/\" target=\"_blank\" rel=\"noreferrer noopener\">M\u00e1s informaci\u00f3n sobre las capacidades tecnol\u00f3gicas de CIT UPC<\/a><\/p>\n","protected":false},"excerpt":{"rendered":"<p>04\/07\/2019 El Centro de Innovaci\u00f3n y Tecnolog\u00eda de la Universitat Polit\u00e8cnica de Catalunya (CIT UPC) se ha incorporado como socio a&nbsp;EnerTIC, la plataforma de empresas TIC<span class=\"excerpt-hellip\"> [\u2026]<\/span><\/p>\n","protected":false},"author":5,"featured_media":7844,"comment_status":"open","ping_status":"open","sticky":false,"template":"","format":"standard","meta":{"footnotes":""},"categories":[935],"tags":[],"class_list":["post-9950","post","type-post","status-publish","format-standard","has-post-thumbnail","hentry","category-noticia"],"yoast_head":"<!-- This site is optimized with the Yoast SEO plugin v27.5 - https:\/\/yoast.com\/product\/yoast-seo-wordpress\/ -->\n<title>CIT UPC se incorpora a la Plataforma EnerTIC - CIT UPC<\/title>\n<meta name=\"robots\" content=\"index, follow, max-snippet:-1, max-image-preview:large, max-video-preview:-1\" \/>\n<link rel=\"canonical\" href=\"https:\/\/cit.upc.edu\/ca\/enertic\/\" \/>\n<meta property=\"og:locale\" content=\"es_ES\" \/>\n<meta property=\"og:type\" content=\"article\" \/>\n<meta property=\"og:title\" content=\"CIT UPC se incorpora a la Plataforma EnerTIC - CIT UPC\" \/>\n<meta property=\"og:description\" content=\"04\/07\/2019 El Centro de Innovaci\u00f3n y Tecnolog\u00eda de la Universitat Polit\u00e8cnica de Catalunya (CIT UPC) se ha incorporado como socio a&nbsp;EnerTIC, la plataforma de empresas TIC [\u2026]\" \/>\n<meta property=\"og:url\" content=\"https:\/\/cit.upc.edu\/ca\/enertic\/\" \/>\n<meta property=\"og:site_name\" content=\"CIT UPC\" \/>\n<meta property=\"article:publisher\" content=\"https:\/\/www.facebook.com\/cit.upc\" \/>\n<meta property=\"article:published_time\" content=\"2019-07-04T12:33:00+00:00\" \/>\n<meta property=\"article:modified_time\" content=\"2021-02-08T16:43:33+00:00\" \/>\n<meta property=\"og:image\" content=\"https:\/\/cit.upc.edu\/wp-content\/uploads\/2020\/10\/enertic-logo-3.png\" \/>\n\t<meta property=\"og:image:width\" content=\"197\" \/>\n\t<meta property=\"og:image:height\" content=\"140\" \/>\n\t<meta property=\"og:image:type\" content=\"image\/png\" \/>\n<meta name=\"author\" content=\"CIT UPC\" \/>\n<meta name=\"twitter:card\" content=\"summary_large_image\" \/>\n<meta name=\"twitter:creator\" content=\"@CIT_UPC\" \/>\n<meta name=\"twitter:site\" content=\"@CIT_UPC\" \/>\n<meta name=\"twitter:label1\" content=\"Escrito por\" \/>\n\t<meta name=\"twitter:data1\" content=\"CIT UPC\" \/>\n\t<meta name=\"twitter:label2\" content=\"Tiempo de lectura\" \/>\n\t<meta name=\"twitter:data2\" content=\"1 minuto\" \/>\n<script type=\"application\/ld+json\" class=\"yoast-schema-graph\">{\"@context\":\"https:\\\/\\\/schema.org\",\"@graph\":[{\"@type\":\"Article\",\"@id\":\"https:\\\/\\\/cit.upc.edu\\\/ca\\\/enertic\\\/#article\",\"isPartOf\":{\"@id\":\"https:\\\/\\\/cit.upc.edu\\\/ca\\\/enertic\\\/\"},\"author\":{\"name\":\"CIT UPC\",\"@id\":\"https:\\\/\\\/cit.upc.edu\\\/es\\\/#\\\/schema\\\/person\\\/9699f82f1a653c8a17baa3fbdf70c6b3\"},\"headline\":\"CIT UPC se incorpora a la Plataforma EnerTIC\",\"datePublished\":\"2019-07-04T12:33:00+00:00\",\"dateModified\":\"2021-02-08T16:43:33+00:00\",\"mainEntityOfPage\":{\"@id\":\"https:\\\/\\\/cit.upc.edu\\\/ca\\\/enertic\\\/\"},\"wordCount\":271,\"commentCount\":0,\"publisher\":{\"@id\":\"https:\\\/\\\/cit.upc.edu\\\/es\\\/#organization\"},\"image\":{\"@id\":\"https:\\\/\\\/cit.upc.edu\\\/ca\\\/enertic\\\/#primaryimage\"},\"thumbnailUrl\":\"https:\\\/\\\/cit.upc.edu\\\/wp-content\\\/uploads\\\/2020\\\/10\\\/enertic-logo-3.png\",\"articleSection\":[\"Not\u00edcia\"],\"inLanguage\":\"es\",\"potentialAction\":[{\"@type\":\"CommentAction\",\"name\":\"Comment\",\"target\":[\"https:\\\/\\\/cit.upc.edu\\\/ca\\\/enertic\\\/#respond\"]}]},{\"@type\":\"WebPage\",\"@id\":\"https:\\\/\\\/cit.upc.edu\\\/ca\\\/enertic\\\/\",\"url\":\"https:\\\/\\\/cit.upc.edu\\\/ca\\\/enertic\\\/\",\"name\":\"CIT UPC se incorpora a la Plataforma EnerTIC - CIT UPC\",\"isPartOf\":{\"@id\":\"https:\\\/\\\/cit.upc.edu\\\/es\\\/#website\"},\"primaryImageOfPage\":{\"@id\":\"https:\\\/\\\/cit.upc.edu\\\/ca\\\/enertic\\\/#primaryimage\"},\"image\":{\"@id\":\"https:\\\/\\\/cit.upc.edu\\\/ca\\\/enertic\\\/#primaryimage\"},\"thumbnailUrl\":\"https:\\\/\\\/cit.upc.edu\\\/wp-content\\\/uploads\\\/2020\\\/10\\\/enertic-logo-3.png\",\"datePublished\":\"2019-07-04T12:33:00+00:00\",\"dateModified\":\"2021-02-08T16:43:33+00:00\",\"breadcrumb\":{\"@id\":\"https:\\\/\\\/cit.upc.edu\\\/ca\\\/enertic\\\/#breadcrumb\"},\"inLanguage\":\"es\",\"potentialAction\":[{\"@type\":\"ReadAction\",\"target\":[\"https:\\\/\\\/cit.upc.edu\\\/ca\\\/enertic\\\/\"]}]},{\"@type\":\"ImageObject\",\"inLanguage\":\"es\",\"@id\":\"https:\\\/\\\/cit.upc.edu\\\/ca\\\/enertic\\\/#primaryimage\",\"url\":\"https:\\\/\\\/cit.upc.edu\\\/wp-content\\\/uploads\\\/2020\\\/10\\\/enertic-logo-3.png\",\"contentUrl\":\"https:\\\/\\\/cit.upc.edu\\\/wp-content\\\/uploads\\\/2020\\\/10\\\/enertic-logo-3.png\",\"width\":197,\"height\":140},{\"@type\":\"BreadcrumbList\",\"@id\":\"https:\\\/\\\/cit.upc.edu\\\/ca\\\/enertic\\\/#breadcrumb\",\"itemListElement\":[{\"@type\":\"ListItem\",\"position\":1,\"name\":\"Portada\",\"item\":\"https:\\\/\\\/cit.upc.edu\\\/es\\\/\"},{\"@type\":\"ListItem\",\"position\":2,\"name\":\"CIT UPC se incorpora a la Plataforma EnerTIC\"}]},{\"@type\":\"WebSite\",\"@id\":\"https:\\\/\\\/cit.upc.edu\\\/es\\\/#website\",\"url\":\"https:\\\/\\\/cit.upc.edu\\\/es\\\/\",\"name\":\"CIT UPC\",\"description\":\"Centro de Innovaci\u00f3n y Tecnolog\u00eda\",\"publisher\":{\"@id\":\"https:\\\/\\\/cit.upc.edu\\\/es\\\/#organization\"},\"potentialAction\":[{\"@type\":\"SearchAction\",\"target\":{\"@type\":\"EntryPoint\",\"urlTemplate\":\"https:\\\/\\\/cit.upc.edu\\\/es\\\/?s={search_term_string}\"},\"query-input\":{\"@type\":\"PropertyValueSpecification\",\"valueRequired\":true,\"valueName\":\"search_term_string\"}}],\"inLanguage\":\"es\"},{\"@type\":\"Organization\",\"@id\":\"https:\\\/\\\/cit.upc.edu\\\/es\\\/#organization\",\"name\":\"CIT UPC - UPC Technology Center\",\"url\":\"https:\\\/\\\/cit.upc.edu\\\/es\\\/\",\"logo\":{\"@type\":\"ImageObject\",\"inLanguage\":\"es\",\"@id\":\"https:\\\/\\\/cit.upc.edu\\\/es\\\/#\\\/schema\\\/logo\\\/image\\\/\",\"url\":\"https:\\\/\\\/cit.upc.edu\\\/wp-content\\\/uploads\\\/2020\\\/04\\\/cropped-logo_positiu_horitzontal_2020_espanol.png\",\"contentUrl\":\"https:\\\/\\\/cit.upc.edu\\\/wp-content\\\/uploads\\\/2020\\\/04\\\/cropped-logo_positiu_horitzontal_2020_espanol.png\",\"width\":512,\"height\":512,\"caption\":\"CIT UPC - UPC Technology Center\"},\"image\":{\"@id\":\"https:\\\/\\\/cit.upc.edu\\\/es\\\/#\\\/schema\\\/logo\\\/image\\\/\"},\"sameAs\":[\"https:\\\/\\\/www.facebook.com\\\/cit.upc\",\"https:\\\/\\\/x.com\\\/CIT_UPC\",\"https:\\\/\\\/www.youtube.com\\\/user\\\/CITUPC\",\"https:\\\/\\\/www.flickr.com\\\/photos\\\/181927091@N08\",\"https:\\\/\\\/www.linkedin.com\\\/company\\\/cit-upc\\\/\",\"https:\\\/\\\/www.instagram.com\\\/cit_upc\\\/\"]},{\"@type\":\"Person\",\"@id\":\"https:\\\/\\\/cit.upc.edu\\\/es\\\/#\\\/schema\\\/person\\\/9699f82f1a653c8a17baa3fbdf70c6b3\",\"name\":\"CIT UPC\",\"image\":{\"@type\":\"ImageObject\",\"inLanguage\":\"es\",\"@id\":\"https:\\\/\\\/secure.gravatar.com\\\/avatar\\\/773f33de263f3e24e13d0ac15062b5603e70036ec7f634846fb6363f44574610?s=96&d=mm&r=g\",\"url\":\"https:\\\/\\\/secure.gravatar.com\\\/avatar\\\/773f33de263f3e24e13d0ac15062b5603e70036ec7f634846fb6363f44574610?s=96&d=mm&r=g\",\"contentUrl\":\"https:\\\/\\\/secure.gravatar.com\\\/avatar\\\/773f33de263f3e24e13d0ac15062b5603e70036ec7f634846fb6363f44574610?s=96&d=mm&r=g\",\"caption\":\"CIT UPC\"},\"url\":\"https:\\\/\\\/cit.upc.edu\\\/es\\\/author\\\/cit-upc\\\/\"}]}<\/script>\n<!-- \/ Yoast SEO plugin. -->","yoast_head_json":{"title":"CIT UPC se incorpora a la Plataforma EnerTIC - CIT UPC","robots":{"index":"index","follow":"follow","max-snippet":"max-snippet:-1","max-image-preview":"max-image-preview:large","max-video-preview":"max-video-preview:-1"},"canonical":"https:\/\/cit.upc.edu\/ca\/enertic\/","og_locale":"es_ES","og_type":"article","og_title":"CIT UPC se incorpora a la Plataforma EnerTIC - CIT UPC","og_description":"04\/07\/2019 El Centro de Innovaci\u00f3n y Tecnolog\u00eda de la Universitat Polit\u00e8cnica de Catalunya (CIT UPC) se ha incorporado como socio a&nbsp;EnerTIC, la plataforma de empresas TIC [\u2026]","og_url":"https:\/\/cit.upc.edu\/ca\/enertic\/","og_site_name":"CIT UPC","article_publisher":"https:\/\/www.facebook.com\/cit.upc","article_published_time":"2019-07-04T12:33:00+00:00","article_modified_time":"2021-02-08T16:43:33+00:00","og_image":[{"width":197,"height":140,"url":"https:\/\/cit.upc.edu\/wp-content\/uploads\/2020\/10\/enertic-logo-3.png","type":"image\/png"}],"author":"CIT UPC","twitter_card":"summary_large_image","twitter_creator":"@CIT_UPC","twitter_site":"@CIT_UPC","twitter_misc":{"Escrito por":"CIT UPC","Tiempo de lectura":"1 minuto"},"schema":{"@context":"https:\/\/schema.org","@graph":[{"@type":"Article","@id":"https:\/\/cit.upc.edu\/ca\/enertic\/#article","isPartOf":{"@id":"https:\/\/cit.upc.edu\/ca\/enertic\/"},"author":{"name":"CIT UPC","@id":"https:\/\/cit.upc.edu\/es\/#\/schema\/person\/9699f82f1a653c8a17baa3fbdf70c6b3"},"headline":"CIT UPC se incorpora a la Plataforma EnerTIC","datePublished":"2019-07-04T12:33:00+00:00","dateModified":"2021-02-08T16:43:33+00:00","mainEntityOfPage":{"@id":"https:\/\/cit.upc.edu\/ca\/enertic\/"},"wordCount":271,"commentCount":0,"publisher":{"@id":"https:\/\/cit.upc.edu\/es\/#organization"},"image":{"@id":"https:\/\/cit.upc.edu\/ca\/enertic\/#primaryimage"},"thumbnailUrl":"https:\/\/cit.upc.edu\/wp-content\/uploads\/2020\/10\/enertic-logo-3.png","articleSection":["Not\u00edcia"],"inLanguage":"es","potentialAction":[{"@type":"CommentAction","name":"Comment","target":["https:\/\/cit.upc.edu\/ca\/enertic\/#respond"]}]},{"@type":"WebPage","@id":"https:\/\/cit.upc.edu\/ca\/enertic\/","url":"https:\/\/cit.upc.edu\/ca\/enertic\/","name":"CIT UPC se incorpora a la Plataforma EnerTIC - CIT UPC","isPartOf":{"@id":"https:\/\/cit.upc.edu\/es\/#website"},"primaryImageOfPage":{"@id":"https:\/\/cit.upc.edu\/ca\/enertic\/#primaryimage"},"image":{"@id":"https:\/\/cit.upc.edu\/ca\/enertic\/#primaryimage"},"thumbnailUrl":"https:\/\/cit.upc.edu\/wp-content\/uploads\/2020\/10\/enertic-logo-3.png","datePublished":"2019-07-04T12:33:00+00:00","dateModified":"2021-02-08T16:43:33+00:00","breadcrumb":{"@id":"https:\/\/cit.upc.edu\/ca\/enertic\/#breadcrumb"},"inLanguage":"es","potentialAction":[{"@type":"ReadAction","target":["https:\/\/cit.upc.edu\/ca\/enertic\/"]}]},{"@type":"ImageObject","inLanguage":"es","@id":"https:\/\/cit.upc.edu\/ca\/enertic\/#primaryimage","url":"https:\/\/cit.upc.edu\/wp-content\/uploads\/2020\/10\/enertic-logo-3.png","contentUrl":"https:\/\/cit.upc.edu\/wp-content\/uploads\/2020\/10\/enertic-logo-3.png","width":197,"height":140},{"@type":"BreadcrumbList","@id":"https:\/\/cit.upc.edu\/ca\/enertic\/#breadcrumb","itemListElement":[{"@type":"ListItem","position":1,"name":"Portada","item":"https:\/\/cit.upc.edu\/es\/"},{"@type":"ListItem","position":2,"name":"CIT UPC se incorpora a la Plataforma EnerTIC"}]},{"@type":"WebSite","@id":"https:\/\/cit.upc.edu\/es\/#website","url":"https:\/\/cit.upc.edu\/es\/","name":"CIT UPC","description":"Centro de Innovaci\u00f3n y Tecnolog\u00eda","publisher":{"@id":"https:\/\/cit.upc.edu\/es\/#organization"},"potentialAction":[{"@type":"SearchAction","target":{"@type":"EntryPoint","urlTemplate":"https:\/\/cit.upc.edu\/es\/?s={search_term_string}"},"query-input":{"@type":"PropertyValueSpecification","valueRequired":true,"valueName":"search_term_string"}}],"inLanguage":"es"},{"@type":"Organization","@id":"https:\/\/cit.upc.edu\/es\/#organization","name":"CIT UPC - UPC Technology Center","url":"https:\/\/cit.upc.edu\/es\/","logo":{"@type":"ImageObject","inLanguage":"es","@id":"https:\/\/cit.upc.edu\/es\/#\/schema\/logo\/image\/","url":"https:\/\/cit.upc.edu\/wp-content\/uploads\/2020\/04\/cropped-logo_positiu_horitzontal_2020_espanol.png","contentUrl":"https:\/\/cit.upc.edu\/wp-content\/uploads\/2020\/04\/cropped-logo_positiu_horitzontal_2020_espanol.png","width":512,"height":512,"caption":"CIT UPC - UPC Technology Center"},"image":{"@id":"https:\/\/cit.upc.edu\/es\/#\/schema\/logo\/image\/"},"sameAs":["https:\/\/www.facebook.com\/cit.upc","https:\/\/x.com\/CIT_UPC","https:\/\/www.youtube.com\/user\/CITUPC","https:\/\/www.flickr.com\/photos\/181927091@N08","https:\/\/www.linkedin.com\/company\/cit-upc\/","https:\/\/www.instagram.com\/cit_upc\/"]},{"@type":"Person","@id":"https:\/\/cit.upc.edu\/es\/#\/schema\/person\/9699f82f1a653c8a17baa3fbdf70c6b3","name":"CIT UPC","image":{"@type":"ImageObject","inLanguage":"es","@id":"https:\/\/secure.gravatar.com\/avatar\/773f33de263f3e24e13d0ac15062b5603e70036ec7f634846fb6363f44574610?s=96&d=mm&r=g","url":"https:\/\/secure.gravatar.com\/avatar\/773f33de263f3e24e13d0ac15062b5603e70036ec7f634846fb6363f44574610?s=96&d=mm&r=g","contentUrl":"https:\/\/secure.gravatar.com\/avatar\/773f33de263f3e24e13d0ac15062b5603e70036ec7f634846fb6363f44574610?s=96&d=mm&r=g","caption":"CIT UPC"},"url":"https:\/\/cit.upc.edu\/es\/author\/cit-upc\/"}]}},"_links":{"self":[{"href":"https:\/\/cit.upc.edu\/es\/wp-json\/wp\/v2\/posts\/9950","targetHints":{"allow":["GET"]}}],"collection":[{"href":"https:\/\/cit.upc.edu\/es\/wp-json\/wp\/v2\/posts"}],"about":[{"href":"https:\/\/cit.upc.edu\/es\/wp-json\/wp\/v2\/types\/post"}],"author":[{"embeddable":true,"href":"https:\/\/cit.upc.edu\/es\/wp-json\/wp\/v2\/users\/5"}],"replies":[{"embeddable":true,"href":"https:\/\/cit.upc.edu\/es\/wp-json\/wp\/v2\/comments?post=9950"}],"version-history":[{"count":3,"href":"https:\/\/cit.upc.edu\/es\/wp-json\/wp\/v2\/posts\/9950\/revisions"}],"predecessor-version":[{"id":10941,"href":"https:\/\/cit.upc.edu\/es\/wp-json\/wp\/v2\/posts\/9950\/revisions\/10941"}],"wp:featuredmedia":[{"embeddable":true,"href":"https:\/\/cit.upc.edu\/es\/wp-json\/wp\/v2\/media\/7844"}],"wp:attachment":[{"href":"https:\/\/cit.upc.edu\/es\/wp-json\/wp\/v2\/media?parent=9950"}],"wp:term":[{"taxonomy":"category","embeddable":true,"href":"https:\/\/cit.upc.edu\/es\/wp-json\/wp\/v2\/categories?post=9950"},{"taxonomy":"post_tag","embeddable":true,"href":"https:\/\/cit.upc.edu\/es\/wp-json\/wp\/v2\/tags?post=9950"}],"curies":[{"name":"wp","href":"https:\/\/api.w.org\/{rel}","templated":true}]}}